
{"id":10000,"date":"2008-10-06T04:53:40","date_gmt":"2008-10-06T03:53:40","guid":{"rendered":"http:\/\/adamczewscy.pl\/?p=2154"},"modified":"2008-10-06T04:53:40","modified_gmt":"2008-10-06T03:53:40","slug":"zielona-fasola-szparagowa-po-francusku","status":"publish","type":"post","link":"https:\/\/blog.polityka.pl\/adamczewski\/2008\/10\/06\/zielona-fasola-szparagowa-po-francusku\/","title":{"rendered":"Zielona fasola szparagowa po francusku"},"content":{"rendered":"<p><em>50 dag zielone fasolki szparagowej (zim\u0105 mo\u017cna u\u017cy\u0107 mro\u017conej) , 2 \u0142y\u017cki mas\u0142a, \u015brednia cebula, sok z po\u0142owy cytryny, po \u0142y\u017cce siekanej zielonej pietruszki oraz koperku, s\u00f3l, szczypta cukru i pieprzu.\u00a0<\/em><\/p>\n<p>1. Fasol\u0119 oczy\u015bci\u0107 ucinaj\u0105c obie ko\u0144c\u00f3wki, podzieli\u0107 j\u0105 na kilkucentymetrowe kawa\u0142ki. Ugotowa\u0107 w lekko osolonej  wodzie, odcedzi\u0107.<br \/>\n2. Cebul\u0119 jak najdrobniej posieka\u0107 lub zetrze\u0107 na tarce, podsma\u017cy\u0107  na ma\u015ble, doda\u0107 ods\u0105czon\u0105 fasol\u0119, posiekany koperek, pietruszk\u0119 oraz odrobin\u0119 soku cytrynowego. Dusi\u0107,  a\u017c fasola b\u0119dzie mi\u0119kka. W czasie duszenia doda\u0107 do smaku s\u00f3l, cukier i pieprz.<\/p>\n","protected":false},"excerpt":{"rendered":"<p>50 dag zielone fasolki szparagowej (zim\u0105 mo\u017cna u\u017cy\u0107 mro\u017conej) , 2 \u0142y\u017cki mas\u0142a, \u015brednia cebula, sok z po\u0142owy cytryny, po \u0142y\u017cce siekanej zielonej pietruszki oraz koperku, s\u00f3l, szczypta cukru i pieprzu.\u00a0 1. Fasol\u0119 oczy\u015bci\u0107 ucinaj\u0105c obie ko\u0144c\u00f3wki, podzieli\u0107 j\u0105 na kilkucentymetrowe kawa\u0142ki. Ugotowa\u0107 w lekko osolonej wodzie, odcedzi\u0107. 2. Cebul\u0119 jak najdrobniej posieka\u0107 lub zetrze\u0107 [&hellip;]<\/p>\n","protected":false},"author":2,"featured_media":0,"comment_status":"open","ping_status":"open","sticky":false,"template":"","format":"standard","meta":{"footnotes":""},"categories":[1],"tags":[],"_links":{"self":[{"href":"https:\/\/blog.polityka.pl\/adamczewski\/wp-json\/wp\/v2\/posts\/10000"}],"collection":[{"href":"https:\/\/blog.polityka.pl\/adamczewski\/wp-json\/wp\/v2\/posts"}],"about":[{"href":"https:\/\/blog.polityka.pl\/adamczewski\/wp-json\/wp\/v2\/types\/post"}],"author":[{"embeddable":true,"href":"https:\/\/blog.polityka.pl\/adamczewski\/wp-json\/wp\/v2\/users\/2"}],"replies":[{"embeddable":true,"href":"https:\/\/blog.polityka.pl\/adamczewski\/wp-json\/wp\/v2\/comments?post=10000"}],"version-history":[{"count":0,"href":"https:\/\/blog.polityka.pl\/adamczewski\/wp-json\/wp\/v2\/posts\/10000\/revisions"}],"wp:attachment":[{"href":"https:\/\/blog.polityka.pl\/adamczewski\/wp-json\/wp\/v2\/media?parent=10000"}],"wp:term":[{"taxonomy":"category","embeddable":true,"href":"https:\/\/blog.polityka.pl\/adamczewski\/wp-json\/wp\/v2\/categories?post=10000"},{"taxonomy":"post_tag","embeddable":true,"href":"https:\/\/blog.polityka.pl\/adamczewski\/wp-json\/wp\/v2\/tags?post=10000"}],"curies":[{"name":"wp","href":"https:\/\/api.w.org\/{rel}","templated":true}]}}