
{"id":10001,"date":"2008-10-06T04:54:19","date_gmt":"2008-10-06T03:54:19","guid":{"rendered":"http:\/\/adamczewscy.pl\/?p=2155"},"modified":"2008-10-06T04:54:19","modified_gmt":"2008-10-06T03:54:19","slug":"sandacz-z-grzybami","status":"publish","type":"post","link":"https:\/\/blog.polityka.pl\/adamczewski\/2008\/10\/06\/sandacz-z-grzybami\/","title":{"rendered":"Sandacz z grzybami"},"content":{"rendered":"<p><em>4 filety z sandacza lub innej ryby, na przyk\u0142ad z pangi, 40 dag grzyb\u00f3w le\u015bnych lub pieczarek, cebula, 2 \u0142y\u017cki oleju lub oliwy, 2 \u0142y\u017cki mas\u0142a, \u0142y\u017cka m\u0105ki, szklanka \u015bmietany, s\u00f3l, pieprz.\u00a0<\/em><\/p>\n<p>1. Ryb\u0119 umy\u0107, osuszy\u0107,  lekko posypa\u0107 sol\u0105 i pieprzem, nast\u0119pnie m\u0105k\u0105 i usma\u017cy\u0107 na oleju z \u0142y\u017ck\u0105 mas\u0142a, z obu stron na rumiano.<br \/>\n2. Grzyby oczy\u015bci\u0107, pokroi\u0107, doda\u0107 posiekan\u0105 cebul\u0119 i \u0142y\u017ck\u0119 mas\u0142a. Udusi\u0107 grzyby doprawiaj\u0105c je sol\u0105 i pieprzem.<br \/>\n3. Ryby umie\u015bci\u0107 na \u017caroodpornym p\u00f3\u0142misku, u\u0142o\u017cy\u0107 na wierchu grzyby, pola\u0107 \u015bmietan\u0105 i zapieka\u0107 20 minut w nagrzanym piekarniku.<\/p>\n","protected":false},"excerpt":{"rendered":"<p>4 filety z sandacza lub innej ryby, na przyk\u0142ad z pangi, 40 dag grzyb\u00f3w le\u015bnych lub pieczarek, cebula, 2 \u0142y\u017cki oleju lub oliwy, 2 \u0142y\u017cki mas\u0142a, \u0142y\u017cka m\u0105ki, szklanka \u015bmietany, s\u00f3l, pieprz.\u00a0 1. Ryb\u0119 umy\u0107, osuszy\u0107, lekko posypa\u0107 sol\u0105 i pieprzem, nast\u0119pnie m\u0105k\u0105 i usma\u017cy\u0107 na oleju z \u0142y\u017ck\u0105 mas\u0142a, z obu stron na rumiano. [&hellip;]<\/p>\n","protected":false},"author":2,"featured_media":0,"comment_status":"open","ping_status":"open","sticky":false,"template":"","format":"standard","meta":{"footnotes":""},"categories":[1],"tags":[],"_links":{"self":[{"href":"https:\/\/blog.polityka.pl\/adamczewski\/wp-json\/wp\/v2\/posts\/10001"}],"collection":[{"href":"https:\/\/blog.polityka.pl\/adamczewski\/wp-json\/wp\/v2\/posts"}],"about":[{"href":"https:\/\/blog.polityka.pl\/adamczewski\/wp-json\/wp\/v2\/types\/post"}],"author":[{"embeddable":true,"href":"https:\/\/blog.polityka.pl\/adamczewski\/wp-json\/wp\/v2\/users\/2"}],"replies":[{"embeddable":true,"href":"https:\/\/blog.polityka.pl\/adamczewski\/wp-json\/wp\/v2\/comments?post=10001"}],"version-history":[{"count":0,"href":"https:\/\/blog.polityka.pl\/adamczewski\/wp-json\/wp\/v2\/posts\/10001\/revisions"}],"wp:attachment":[{"href":"https:\/\/blog.polityka.pl\/adamczewski\/wp-json\/wp\/v2\/media?parent=10001"}],"wp:term":[{"taxonomy":"category","embeddable":true,"href":"https:\/\/blog.polityka.pl\/adamczewski\/wp-json\/wp\/v2\/categories?post=10001"},{"taxonomy":"post_tag","embeddable":true,"href":"https:\/\/blog.polityka.pl\/adamczewski\/wp-json\/wp\/v2\/tags?post=10001"}],"curies":[{"name":"wp","href":"https:\/\/api.w.org\/{rel}","templated":true}]}}