
{"id":10002,"date":"2008-10-06T04:54:59","date_gmt":"2008-10-06T03:54:59","guid":{"rendered":"http:\/\/adamczewscy.pl\/?p=2156"},"modified":"2008-10-06T04:54:59","modified_gmt":"2008-10-06T03:54:59","slug":"ryz-z-czekolada","status":"publish","type":"post","link":"https:\/\/blog.polityka.pl\/adamczewski\/2008\/10\/06\/ryz-z-czekolada\/","title":{"rendered":"Ry\u017c z czekolad\u0105"},"content":{"rendered":"<p><em>Szklanka ry\u017cu, p\u00f3\u0142torej szklanki mleka, 2 tabliczki deserowej czekolady, 2 jajka, 3 \u0142y\u017cki cukru, 2 \u0142y\u017cki mas\u0142a.<\/em><\/p>\n<p>1. Ugotowa\u0107 ry\u017c z mlekiem, gdyby p\u0142yn wyparowa\u0142 zanim ry\u017c b\u0119dzie mi\u0119kki &#8211; mo\u017cna dola\u0107 kilka \u0142y\u017cek wody. Odstawi\u0107 ugotowany ry\u017c, aby wystyg\u0142.<br \/>\n2. Oddzieli\u0107 bia\u0142ka od \u017c\u00f3\u0142tek. \u017b\u00f3\u0142tka utrze\u0107 z cukrem na jasn\u0105 mas\u0119.<br \/>\n3. Czekolad\u0119 rozpu\u015bci\u0107 z \u0142y\u017ck\u0105 mas\u0142a (najlepiej w kuchence mikrofalowej, ale mo\u017cna te\u017c w garnuszku wstawionym do garnka z wrz\u0105c\u0105 wod\u0105).<br \/>\n4. Ubi\u0107 sztywn\u0105 pian\u0119 z bia\u0142ek.<br \/>\n5. Wymiesza\u0107 ry\u017c z rozpuszczon\u0105 czekolad\u0105,  utartymi \u017c\u00f3\u0142tkami i pian\u0105.<br \/>\n6. Naczynie \u017caroodporne posmarowa\u0107 mas\u0142em, u\u0142o\u017cy\u0107 w nim ry\u017c z czekolad\u0105 i zapiec w temperaturze 180 st c oko\u0142o 30 minut.<\/p>\n","protected":false},"excerpt":{"rendered":"<p>Szklanka ry\u017cu, p\u00f3\u0142torej szklanki mleka, 2 tabliczki deserowej czekolady, 2 jajka, 3 \u0142y\u017cki cukru, 2 \u0142y\u017cki mas\u0142a. 1. Ugotowa\u0107 ry\u017c z mlekiem, gdyby p\u0142yn wyparowa\u0142 zanim ry\u017c b\u0119dzie mi\u0119kki &#8211; mo\u017cna dola\u0107 kilka \u0142y\u017cek wody. Odstawi\u0107 ugotowany ry\u017c, aby wystyg\u0142. 2. Oddzieli\u0107 bia\u0142ka od \u017c\u00f3\u0142tek. \u017b\u00f3\u0142tka utrze\u0107 z cukrem na jasn\u0105 mas\u0119. 3. Czekolad\u0119 rozpu\u015bci\u0107 [&hellip;]<\/p>\n","protected":false},"author":2,"featured_media":0,"comment_status":"open","ping_status":"open","sticky":false,"template":"","format":"standard","meta":{"footnotes":""},"categories":[1],"tags":[],"_links":{"self":[{"href":"https:\/\/blog.polityka.pl\/adamczewski\/wp-json\/wp\/v2\/posts\/10002"}],"collection":[{"href":"https:\/\/blog.polityka.pl\/adamczewski\/wp-json\/wp\/v2\/posts"}],"about":[{"href":"https:\/\/blog.polityka.pl\/adamczewski\/wp-json\/wp\/v2\/types\/post"}],"author":[{"embeddable":true,"href":"https:\/\/blog.polityka.pl\/adamczewski\/wp-json\/wp\/v2\/users\/2"}],"replies":[{"embeddable":true,"href":"https:\/\/blog.polityka.pl\/adamczewski\/wp-json\/wp\/v2\/comments?post=10002"}],"version-history":[{"count":0,"href":"https:\/\/blog.polityka.pl\/adamczewski\/wp-json\/wp\/v2\/posts\/10002\/revisions"}],"wp:attachment":[{"href":"https:\/\/blog.polityka.pl\/adamczewski\/wp-json\/wp\/v2\/media?parent=10002"}],"wp:term":[{"taxonomy":"category","embeddable":true,"href":"https:\/\/blog.polityka.pl\/adamczewski\/wp-json\/wp\/v2\/categories?post=10002"},{"taxonomy":"post_tag","embeddable":true,"href":"https:\/\/blog.polityka.pl\/adamczewski\/wp-json\/wp\/v2\/tags?post=10002"}],"curies":[{"name":"wp","href":"https:\/\/api.w.org\/{rel}","templated":true}]}}