
{"id":10003,"date":"2008-10-06T04:55:38","date_gmt":"2008-10-06T03:55:38","guid":{"rendered":"http:\/\/adamczewscy.pl\/?p=2157"},"modified":"2008-10-06T04:55:38","modified_gmt":"2008-10-06T03:55:38","slug":"puree-z-marchwi","status":"publish","type":"post","link":"https:\/\/blog.polityka.pl\/adamczewski\/2008\/10\/06\/puree-z-marchwi\/","title":{"rendered":"Puree z marchwi"},"content":{"rendered":"<p><em>6 marchwi, \u0142y\u017cka mas\u0142a, 4 \u0142y\u017cki s\u0142odkiej \u015bmietanki, cukier i s\u00f3l do smaku, ew. szczypta mielonego pieprzu.\u00a0<\/em><\/p>\n<p>1. Marchwie obra\u0107, pokroi\u0107 w niewielkie kawa\u0142ki, zala\u0107 jedn\u0105 lub dwoma szklankami wrz\u0105cej wody, lekko posoli\u0107 i ugotowa\u0107 do mi\u0119kko\u015bci.<br \/>\n2. Lekko ostudzone marchwie przecisn\u0105\u0107 przez prask\u0119 do ziemniak\u00f3w lub dok\u0142adnie ut\u0142uc t\u0142uczkiem.<br \/>\n3. Do puree doda\u0107 s\u00f3l, cukier i pieprz do smaku oraz mas\u0142o i \u015bmietank\u0119. Dok\u0142adnie wymiesza\u0107.<\/p>\n<p>Amatorzy ostrych przypraw mog\u0105 doda\u0107 szczypt\u0119 ostrej papryki; dobre jest tak\u017ce marchewkowe puree z niewielkim dodatkiem \u015bwie\u017cego startego imbiru lub ze sproszkowanym.<\/p>\n","protected":false},"excerpt":{"rendered":"<p>6 marchwi, \u0142y\u017cka mas\u0142a, 4 \u0142y\u017cki s\u0142odkiej \u015bmietanki, cukier i s\u00f3l do smaku, ew. szczypta mielonego pieprzu.\u00a0 1. Marchwie obra\u0107, pokroi\u0107 w niewielkie kawa\u0142ki, zala\u0107 jedn\u0105 lub dwoma szklankami wrz\u0105cej wody, lekko posoli\u0107 i ugotowa\u0107 do mi\u0119kko\u015bci. 2. Lekko ostudzone marchwie przecisn\u0105\u0107 przez prask\u0119 do ziemniak\u00f3w lub dok\u0142adnie ut\u0142uc t\u0142uczkiem. 3. Do puree doda\u0107 s\u00f3l, [&hellip;]<\/p>\n","protected":false},"author":2,"featured_media":0,"comment_status":"open","ping_status":"open","sticky":false,"template":"","format":"standard","meta":{"footnotes":""},"categories":[1],"tags":[],"_links":{"self":[{"href":"https:\/\/blog.polityka.pl\/adamczewski\/wp-json\/wp\/v2\/posts\/10003"}],"collection":[{"href":"https:\/\/blog.polityka.pl\/adamczewski\/wp-json\/wp\/v2\/posts"}],"about":[{"href":"https:\/\/blog.polityka.pl\/adamczewski\/wp-json\/wp\/v2\/types\/post"}],"author":[{"embeddable":true,"href":"https:\/\/blog.polityka.pl\/adamczewski\/wp-json\/wp\/v2\/users\/2"}],"replies":[{"embeddable":true,"href":"https:\/\/blog.polityka.pl\/adamczewski\/wp-json\/wp\/v2\/comments?post=10003"}],"version-history":[{"count":0,"href":"https:\/\/blog.polityka.pl\/adamczewski\/wp-json\/wp\/v2\/posts\/10003\/revisions"}],"wp:attachment":[{"href":"https:\/\/blog.polityka.pl\/adamczewski\/wp-json\/wp\/v2\/media?parent=10003"}],"wp:term":[{"taxonomy":"category","embeddable":true,"href":"https:\/\/blog.polityka.pl\/adamczewski\/wp-json\/wp\/v2\/categories?post=10003"},{"taxonomy":"post_tag","embeddable":true,"href":"https:\/\/blog.polityka.pl\/adamczewski\/wp-json\/wp\/v2\/tags?post=10003"}],"curies":[{"name":"wp","href":"https:\/\/api.w.org\/{rel}","templated":true}]}}