
{"id":10006,"date":"2008-10-13T05:18:47","date_gmt":"2008-10-13T04:18:47","guid":{"rendered":"http:\/\/adamczewscy.pl\/?p=2161"},"modified":"2008-10-13T05:18:47","modified_gmt":"2008-10-13T04:18:47","slug":"zupa-szczawiowa-z-ziemniakami","status":"publish","type":"post","link":"https:\/\/blog.polityka.pl\/adamczewski\/2008\/10\/13\/zupa-szczawiowa-z-ziemniakami\/","title":{"rendered":"Zupa szczawiowa z ziemniakami"},"content":{"rendered":"<p><em>6 szklanek wywaru warzywnego lub roso\u0142u (mo\u017ce by\u0107 z kostki), 10 dag szczawiu, 4 \u015brednie ziemniaki, p\u00f3\u0142 szklanki \u015bmietany, \u0142y\u017ceczka m\u0105ki, s\u00f3l. <\/em><\/p>\n<p>1. Ziemniaki obra\u0107, pokroi\u0107 w kostk\u0119, zala\u0107 wywarem lub roso\u0142em, gotowa\u0107 zup\u0119,  a\u017c zmi\u0119kn\u0105 ziemniaki.<br \/>\n2. Szczaw umy\u0107, posieka\u0107, po\u0142\u0105czy\u0107 z zup\u0105,  minut\u0119 gotowa\u0107.<br \/>\n3. Wymiesza\u0107 \u015bmietan\u0119 z m\u0105k\u0105, wla\u0107 do zupy i zagotowa\u0107, doprawi\u0107 w razie potrzeby sol\u0105.<\/p>\n","protected":false},"excerpt":{"rendered":"<p>6 szklanek wywaru warzywnego lub roso\u0142u (mo\u017ce by\u0107 z kostki), 10 dag szczawiu, 4 \u015brednie ziemniaki, p\u00f3\u0142 szklanki \u015bmietany, \u0142y\u017ceczka m\u0105ki, s\u00f3l. 1. Ziemniaki obra\u0107, pokroi\u0107 w kostk\u0119, zala\u0107 wywarem lub roso\u0142em, gotowa\u0107 zup\u0119, a\u017c zmi\u0119kn\u0105 ziemniaki. 2. Szczaw umy\u0107, posieka\u0107, po\u0142\u0105czy\u0107 z zup\u0105, minut\u0119 gotowa\u0107. 3. Wymiesza\u0107 \u015bmietan\u0119 z m\u0105k\u0105, wla\u0107 do zupy i [&hellip;]<\/p>\n","protected":false},"author":2,"featured_media":0,"comment_status":"open","ping_status":"open","sticky":false,"template":"","format":"standard","meta":{"footnotes":""},"categories":[1],"tags":[],"_links":{"self":[{"href":"https:\/\/blog.polityka.pl\/adamczewski\/wp-json\/wp\/v2\/posts\/10006"}],"collection":[{"href":"https:\/\/blog.polityka.pl\/adamczewski\/wp-json\/wp\/v2\/posts"}],"about":[{"href":"https:\/\/blog.polityka.pl\/adamczewski\/wp-json\/wp\/v2\/types\/post"}],"author":[{"embeddable":true,"href":"https:\/\/blog.polityka.pl\/adamczewski\/wp-json\/wp\/v2\/users\/2"}],"replies":[{"embeddable":true,"href":"https:\/\/blog.polityka.pl\/adamczewski\/wp-json\/wp\/v2\/comments?post=10006"}],"version-history":[{"count":0,"href":"https:\/\/blog.polityka.pl\/adamczewski\/wp-json\/wp\/v2\/posts\/10006\/revisions"}],"wp:attachment":[{"href":"https:\/\/blog.polityka.pl\/adamczewski\/wp-json\/wp\/v2\/media?parent=10006"}],"wp:term":[{"taxonomy":"category","embeddable":true,"href":"https:\/\/blog.polityka.pl\/adamczewski\/wp-json\/wp\/v2\/categories?post=10006"},{"taxonomy":"post_tag","embeddable":true,"href":"https:\/\/blog.polityka.pl\/adamczewski\/wp-json\/wp\/v2\/tags?post=10006"}],"curies":[{"name":"wp","href":"https:\/\/api.w.org\/{rel}","templated":true}]}}