
{"id":10008,"date":"2008-10-13T05:21:43","date_gmt":"2008-10-13T04:21:43","guid":{"rendered":"http:\/\/adamczewscy.pl\/?p=2163"},"modified":"2008-10-13T05:21:43","modified_gmt":"2008-10-13T04:21:43","slug":"wloska-kapusta-z-tarta-buleczka","status":"publish","type":"post","link":"https:\/\/blog.polityka.pl\/adamczewski\/2008\/10\/13\/wloska-kapusta-z-tarta-buleczka\/","title":{"rendered":"W\u0142oska kapusta z tart\u0105 bu\u0142eczk\u0105"},"content":{"rendered":"<p><em>P\u00f3\u0142 g\u0142\u00f3wki w\u0142oskiej kapusty,  3 szklanki roso\u0142u warzywnego, 2 \u0142y\u017cki tartej bu\u0142ki, 2 \u0142y\u017cki mas\u0142a. <\/em><\/p>\n<p>1. Kapust\u0119 podzieli\u0107 na 4 cz\u0119\u015bci.<br \/>\n2. Zagotowa\u0107 ros\u00f3\u0142 warzywny, w\u0142o\u017cy\u0107 do wrz\u0105tku pokrojon\u0105 kapust\u0119 i gotowa\u0107 do momentu, a\u017c stanie si\u0119 mi\u0119kka. Starannie ods\u0105czy\u0107 na durszlaku.<br \/>\n3. Tart\u0105 bu\u0142k\u0119 zrumieni\u0107 na suchej patelni, doda\u0107 mas\u0142o, kiedy po\u0142\u0105czy si\u0119 z bu\u0142k\u0105 pola\u0107 ta mieszank\u0105 u\u0142o\u017cona na talerzu kapust\u0119.<\/p>\n","protected":false},"excerpt":{"rendered":"<p>P\u00f3\u0142 g\u0142\u00f3wki w\u0142oskiej kapusty, 3 szklanki roso\u0142u warzywnego, 2 \u0142y\u017cki tartej bu\u0142ki, 2 \u0142y\u017cki mas\u0142a. 1. Kapust\u0119 podzieli\u0107 na 4 cz\u0119\u015bci. 2. Zagotowa\u0107 ros\u00f3\u0142 warzywny, w\u0142o\u017cy\u0107 do wrz\u0105tku pokrojon\u0105 kapust\u0119 i gotowa\u0107 do momentu, a\u017c stanie si\u0119 mi\u0119kka. Starannie ods\u0105czy\u0107 na durszlaku. 3. Tart\u0105 bu\u0142k\u0119 zrumieni\u0107 na suchej patelni, doda\u0107 mas\u0142o, kiedy po\u0142\u0105czy si\u0119 z [&hellip;]<\/p>\n","protected":false},"author":2,"featured_media":0,"comment_status":"open","ping_status":"open","sticky":false,"template":"","format":"standard","meta":{"footnotes":""},"categories":[1],"tags":[],"_links":{"self":[{"href":"https:\/\/blog.polityka.pl\/adamczewski\/wp-json\/wp\/v2\/posts\/10008"}],"collection":[{"href":"https:\/\/blog.polityka.pl\/adamczewski\/wp-json\/wp\/v2\/posts"}],"about":[{"href":"https:\/\/blog.polityka.pl\/adamczewski\/wp-json\/wp\/v2\/types\/post"}],"author":[{"embeddable":true,"href":"https:\/\/blog.polityka.pl\/adamczewski\/wp-json\/wp\/v2\/users\/2"}],"replies":[{"embeddable":true,"href":"https:\/\/blog.polityka.pl\/adamczewski\/wp-json\/wp\/v2\/comments?post=10008"}],"version-history":[{"count":0,"href":"https:\/\/blog.polityka.pl\/adamczewski\/wp-json\/wp\/v2\/posts\/10008\/revisions"}],"wp:attachment":[{"href":"https:\/\/blog.polityka.pl\/adamczewski\/wp-json\/wp\/v2\/media?parent=10008"}],"wp:term":[{"taxonomy":"category","embeddable":true,"href":"https:\/\/blog.polityka.pl\/adamczewski\/wp-json\/wp\/v2\/categories?post=10008"},{"taxonomy":"post_tag","embeddable":true,"href":"https:\/\/blog.polityka.pl\/adamczewski\/wp-json\/wp\/v2\/tags?post=10008"}],"curies":[{"name":"wp","href":"https:\/\/api.w.org\/{rel}","templated":true}]}}