
{"id":10009,"date":"2008-10-13T05:22:29","date_gmt":"2008-10-13T04:22:29","guid":{"rendered":"http:\/\/adamczewscy.pl\/?p=2164"},"modified":"2008-10-13T05:22:29","modified_gmt":"2008-10-13T04:22:29","slug":"surowka-z-melona","status":"publish","type":"post","link":"https:\/\/blog.polityka.pl\/adamczewski\/2008\/10\/13\/surowka-z-melona\/","title":{"rendered":"Sur\u00f3wka z melona"},"content":{"rendered":"<p><em>Dojrza\u0142y melon (galia, \u017c\u00f3\u0142ty), 2 pomidory, 2 kwaszone og\u00f3rki, s\u00f3l, pieprz i s\u0142odka czerwona papryka w proszku. <\/em><\/p>\n<p>1. Melon obra\u0107, przepo\u0142owi\u0107 a \u0142y\u017ck\u0105 do zupy  wybra\u0107 pestki, obra\u0107 owoc i pokroi\u0107 na plasterki uk\u0142adaj\u0105c na sporym talerzu. Posypa\u0107 sol\u0105, pieprzem i sypk\u0105 papryk\u0105.<br \/>\n2. Pomidory po sparzeniu wrz\u0105tkiem obra\u0107 ze sk\u00f3rki i pokroi\u0107 na plasterki. Obrane og\u00f3rki pokroi\u0107  tak\u017ce na plasterki.<br \/>\n3. Na u\u0142o\u017conych plasterkach melona u\u0142o\u017cy\u0107 plasterki pomidor\u00f3w ka\u017cd\u0105 warstw\u0119 posypuj\u0105c lekko sol\u0105, pieprzem i papryk\u0105. Odstawi\u0107 na p\u00f3\u0142 godziny. Sur\u00f3wka ta doskonale smakuje do pieczonego kurczaka lub innego bia\u0142ego mi\u0119sa.<\/p>\n","protected":false},"excerpt":{"rendered":"<p>Dojrza\u0142y melon (galia, \u017c\u00f3\u0142ty), 2 pomidory, 2 kwaszone og\u00f3rki, s\u00f3l, pieprz i s\u0142odka czerwona papryka w proszku. 1. Melon obra\u0107, przepo\u0142owi\u0107 a \u0142y\u017ck\u0105 do zupy wybra\u0107 pestki, obra\u0107 owoc i pokroi\u0107 na plasterki uk\u0142adaj\u0105c na sporym talerzu. Posypa\u0107 sol\u0105, pieprzem i sypk\u0105 papryk\u0105. 2. Pomidory po sparzeniu wrz\u0105tkiem obra\u0107 ze sk\u00f3rki i pokroi\u0107 na plasterki. [&hellip;]<\/p>\n","protected":false},"author":2,"featured_media":0,"comment_status":"open","ping_status":"open","sticky":false,"template":"","format":"standard","meta":{"footnotes":""},"categories":[1],"tags":[],"_links":{"self":[{"href":"https:\/\/blog.polityka.pl\/adamczewski\/wp-json\/wp\/v2\/posts\/10009"}],"collection":[{"href":"https:\/\/blog.polityka.pl\/adamczewski\/wp-json\/wp\/v2\/posts"}],"about":[{"href":"https:\/\/blog.polityka.pl\/adamczewski\/wp-json\/wp\/v2\/types\/post"}],"author":[{"embeddable":true,"href":"https:\/\/blog.polityka.pl\/adamczewski\/wp-json\/wp\/v2\/users\/2"}],"replies":[{"embeddable":true,"href":"https:\/\/blog.polityka.pl\/adamczewski\/wp-json\/wp\/v2\/comments?post=10009"}],"version-history":[{"count":0,"href":"https:\/\/blog.polityka.pl\/adamczewski\/wp-json\/wp\/v2\/posts\/10009\/revisions"}],"wp:attachment":[{"href":"https:\/\/blog.polityka.pl\/adamczewski\/wp-json\/wp\/v2\/media?parent=10009"}],"wp:term":[{"taxonomy":"category","embeddable":true,"href":"https:\/\/blog.polityka.pl\/adamczewski\/wp-json\/wp\/v2\/categories?post=10009"},{"taxonomy":"post_tag","embeddable":true,"href":"https:\/\/blog.polityka.pl\/adamczewski\/wp-json\/wp\/v2\/tags?post=10009"}],"curies":[{"name":"wp","href":"https:\/\/api.w.org\/{rel}","templated":true}]}}