
{"id":1001,"date":"2009-07-01T08:00:04","date_gmt":"2009-07-01T06:00:04","guid":{"rendered":"http:\/\/adamczewski.blog.polityka.pl\/?p=1001"},"modified":"2009-07-01T07:18:12","modified_gmt":"2009-07-01T05:18:12","slug":"zgadnij-co-gotujemy140","status":"publish","type":"post","link":"https:\/\/blog.polityka.pl\/adamczewski\/2009\/07\/01\/zgadnij-co-gotujemy140\/","title":{"rendered":"Zgadnij co gotujemy?(140)"},"content":{"rendered":"<p>Koniec roku za nami, \u015bwiadectwa rozdane. To z czerwonym paskiem (czyli prymusowskie) dosta\u0142a oczywi\u015bcie Nemo. Teraz kilka tygodni wakacji. Od wszelkich lekcji, klas\u00f3wek i quiz\u00f3w.<\/p>\n<p>Dzi\u015b wi\u0119c po raz ostatni (a\u017c do powrotu z letnich w\u0119dr\u00f3wek) trzy zadania do rozwi\u0105zania. A nagrod\u0105 b\u0119dzie wielkie tomisko napisane przez Gordona Ramsaya pt.\u00a0&#8222;Szef kuchni po godzinach&#8221;. Kto chce sprawdzi\u0107 czy warto startowa\u0107 niech poszuka recenzji w naszym blogowym archiwum. A teraz pytania:<\/p>\n<p>1 &#8211; Wed\u0142ug Franca Fiszera \u015bled\u017a nale\u017cy do rodziny&#8230; ?<\/p>\n<p>2 &#8211; W jakim naczyniu najch\u0119tniej jadali flaki Gargantua i Pantagruel?<\/p>\n<p>3 &#8211; Co najcz\u0119\u015bciej nosi\u0142 w kieszeni p\u0142aszcza Anthelme Brillat-Savarin?<\/p>\n<p>Kto wie i chce zdoby\u0107 ksi\u0105\u017ck\u0119\u00a0 wysy\u0142a maila na adres <a href=\"mailto:internet@polityka.com.pl\">internet@polityka.com.pl<\/a>\u00a0 i czeka na listonosza.<\/p>\n<p>\u00a0<\/p>\n<p>\u00a0<\/p>\n","protected":false},"excerpt":{"rendered":"<p>Koniec roku za nami, \u015bwiadectwa rozdane. To z czerwonym paskiem (czyli prymusowskie) dosta\u0142a oczywi\u015bcie Nemo. Teraz kilka tygodni wakacji. Od wszelkich lekcji, klas\u00f3wek i quiz\u00f3w. Dzi\u015b wi\u0119c po raz ostatni (a\u017c do powrotu z letnich w\u0119dr\u00f3wek) trzy zadania do rozwi\u0105zania. A nagrod\u0105 b\u0119dzie wielkie tomisko napisane przez Gordona Ramsaya pt.\u00a0&#8222;Szef kuchni po godzinach&#8221;. Kto chce [&hellip;]<\/p>\n","protected":false},"author":2,"featured_media":0,"comment_status":"open","ping_status":"open","sticky":false,"template":"","format":"standard","meta":{"footnotes":""},"categories":[1],"tags":[],"_links":{"self":[{"href":"https:\/\/blog.polityka.pl\/adamczewski\/wp-json\/wp\/v2\/posts\/1001"}],"collection":[{"href":"https:\/\/blog.polityka.pl\/adamczewski\/wp-json\/wp\/v2\/posts"}],"about":[{"href":"https:\/\/blog.polityka.pl\/adamczewski\/wp-json\/wp\/v2\/types\/post"}],"author":[{"embeddable":true,"href":"https:\/\/blog.polityka.pl\/adamczewski\/wp-json\/wp\/v2\/users\/2"}],"replies":[{"embeddable":true,"href":"https:\/\/blog.polityka.pl\/adamczewski\/wp-json\/wp\/v2\/comments?post=1001"}],"version-history":[{"count":0,"href":"https:\/\/blog.polityka.pl\/adamczewski\/wp-json\/wp\/v2\/posts\/1001\/revisions"}],"wp:attachment":[{"href":"https:\/\/blog.polityka.pl\/adamczewski\/wp-json\/wp\/v2\/media?parent=1001"}],"wp:term":[{"taxonomy":"category","embeddable":true,"href":"https:\/\/blog.polityka.pl\/adamczewski\/wp-json\/wp\/v2\/categories?post=1001"},{"taxonomy":"post_tag","embeddable":true,"href":"https:\/\/blog.polityka.pl\/adamczewski\/wp-json\/wp\/v2\/tags?post=1001"}],"curies":[{"name":"wp","href":"https:\/\/api.w.org\/{rel}","templated":true}]}}