
{"id":10010,"date":"2008-10-13T05:23:31","date_gmt":"2008-10-13T04:23:31","guid":{"rendered":"http:\/\/adamczewscy.pl\/?p=2165"},"modified":"2008-10-13T05:23:31","modified_gmt":"2008-10-13T04:23:31","slug":"ryz-zapiekany-z-pomidorami","status":"publish","type":"post","link":"https:\/\/blog.polityka.pl\/adamczewski\/2008\/10\/13\/ryz-zapiekany-z-pomidorami\/","title":{"rendered":"Ry\u017c zapiekany z pomidorami"},"content":{"rendered":"<p><em>30 dag ry\u017cu, czyli oko\u0142o 2 i p\u00f3\u0142 torebki do gotowania, 3 \u015brednie cebule, 1 kg mi\u0119sistych pomidor\u00f3w, 3 \u0142y\u017cki mas\u0142a, p\u00f3\u0142 szklanki \u015bmietany,  3 \u0142y\u017cki tartej bu\u0142ki, p\u00f3\u0142torej szklanki startego ostrego \u017c\u00f3\u0142tego sera,  s\u00f3l, pieprz oraz mielona s\u0142odka papryka. Do wysmarowania naczynia do zapiekania: \u0142y\u017cka mas\u0142a. Do wysypania:3 \u0142y\u017cki tartej bu\u0142ki. Do posypania potrawy:2 \u0142y\u017cki siekanego koperku<\/em><\/p>\n<p>1. Ry\u017c wysypa\u0107 z torebek i ugotowa\u0107 w 2 szklankach wody na sypko.<br \/>\n2. Pomidory sparzy\u0107, obra\u0107 ze sk\u00f3rki, pokroi\u0107 i gotowa\u0107  mieszaj\u0105c, a\u017c rozgotuj\u0105 si\u0119, zmiksowa\u0107 i gotowa\u0107 dalej staraj\u0105c si\u0119, aby odparowa\u0107 wi\u0119kszo\u015b\u0107 soku.<br \/>\n3. Cebul\u0119 posieka\u0107, podsma\u017cy\u0107 na z\u0142oto w \u0142y\u017cce mas\u0142a.<br \/>\n4. Do cebuli doda\u0107 przecier pomidorowy, \u015bmietan\u0119, s\u00f3l, pieprz i papryk\u0119 do smaku, zagotowa\u0107.<br \/>\n5. Ry\u017c wymiesza\u0107 z po\u0142owa sosu pomidorowego i po\u0142owa startego sera, wymiesza\u0107, ewentualnie jeszcze doprawi\u0107.<br \/>\n6. W wysmarowanej mas\u0142em i wysypanej bu\u0142ka tart\u0105 u\u0142o\u017cy\u0107 ry\u017c, posypa\u0107 po wierzchu tarta bu\u0142ka i pozosta\u0142ym startym serem, pola\u0107 stopionym pozosta\u0142ym mas\u0142em. Zapieka\u0107 w piekarniku o temperaturze 180 st C a\u017c na wierzchu utworzy si\u0119 rumiana sk\u00f3rka.<\/p>\n","protected":false},"excerpt":{"rendered":"<p>30 dag ry\u017cu, czyli oko\u0142o 2 i p\u00f3\u0142 torebki do gotowania, 3 \u015brednie cebule, 1 kg mi\u0119sistych pomidor\u00f3w, 3 \u0142y\u017cki mas\u0142a, p\u00f3\u0142 szklanki \u015bmietany, 3 \u0142y\u017cki tartej bu\u0142ki, p\u00f3\u0142torej szklanki startego ostrego \u017c\u00f3\u0142tego sera, s\u00f3l, pieprz oraz mielona s\u0142odka papryka. Do wysmarowania naczynia do zapiekania: \u0142y\u017cka mas\u0142a. Do wysypania:3 \u0142y\u017cki tartej bu\u0142ki. Do posypania potrawy:2 [&hellip;]<\/p>\n","protected":false},"author":2,"featured_media":0,"comment_status":"open","ping_status":"open","sticky":false,"template":"","format":"standard","meta":{"footnotes":""},"categories":[1],"tags":[],"_links":{"self":[{"href":"https:\/\/blog.polityka.pl\/adamczewski\/wp-json\/wp\/v2\/posts\/10010"}],"collection":[{"href":"https:\/\/blog.polityka.pl\/adamczewski\/wp-json\/wp\/v2\/posts"}],"about":[{"href":"https:\/\/blog.polityka.pl\/adamczewski\/wp-json\/wp\/v2\/types\/post"}],"author":[{"embeddable":true,"href":"https:\/\/blog.polityka.pl\/adamczewski\/wp-json\/wp\/v2\/users\/2"}],"replies":[{"embeddable":true,"href":"https:\/\/blog.polityka.pl\/adamczewski\/wp-json\/wp\/v2\/comments?post=10010"}],"version-history":[{"count":0,"href":"https:\/\/blog.polityka.pl\/adamczewski\/wp-json\/wp\/v2\/posts\/10010\/revisions"}],"wp:attachment":[{"href":"https:\/\/blog.polityka.pl\/adamczewski\/wp-json\/wp\/v2\/media?parent=10010"}],"wp:term":[{"taxonomy":"category","embeddable":true,"href":"https:\/\/blog.polityka.pl\/adamczewski\/wp-json\/wp\/v2\/categories?post=10010"},{"taxonomy":"post_tag","embeddable":true,"href":"https:\/\/blog.polityka.pl\/adamczewski\/wp-json\/wp\/v2\/tags?post=10010"}],"curies":[{"name":"wp","href":"https:\/\/api.w.org\/{rel}","templated":true}]}}