
{"id":10011,"date":"2008-10-13T05:24:20","date_gmt":"2008-10-13T04:24:20","guid":{"rendered":"http:\/\/adamczewscy.pl\/?p=2166"},"modified":"2008-10-13T05:24:20","modified_gmt":"2008-10-13T04:24:20","slug":"pory-duszone-w-masle","status":"publish","type":"post","link":"https:\/\/blog.polityka.pl\/adamczewski\/2008\/10\/13\/pory-duszone-w-masle\/","title":{"rendered":"Pory duszone w ma\u015ble"},"content":{"rendered":"<p><em>4 grube pory, \u0142y\u017cka mas\u0142a, \u0107wier\u0107 szklanki bulionu drobiowego z kostki, s\u00f3l, pieprz, odrobina cukru. <\/em><\/p>\n<p>1. Pory oczy\u015bci\u0107 z wierzchnich li\u015bci, odci\u0105\u0107 korzonki i zielone cz\u0119\u015bci, pokroi\u0107 na kr\u0105\u017cki, starannie umy\u0107 i ods\u0105czy\u0107 z wody, najlepiej w suszarce do sa\u0142aty.<br \/>\n2. W g\u0142\u0119bokiej patelni rozpu\u015bci\u0107 mas\u0142o wrzuci\u0107 pokrojone pory, sma\u017cy\u0107  5 minut, po czym doda\u0107 bulion i dusi\u0107 20 minut doprawiaj\u0105c sol\u0105 i pieprzem a tak\u017ce cukrem. Kiedy sos w wi\u0119kszo\u015bci odparuje &#8211; potrawa jest gotowa.<br \/>\nJest to znakomity dodatek do da\u0144 mi\u0119snych i rybnych.<\/p>\n","protected":false},"excerpt":{"rendered":"<p>4 grube pory, \u0142y\u017cka mas\u0142a, \u0107wier\u0107 szklanki bulionu drobiowego z kostki, s\u00f3l, pieprz, odrobina cukru. 1. Pory oczy\u015bci\u0107 z wierzchnich li\u015bci, odci\u0105\u0107 korzonki i zielone cz\u0119\u015bci, pokroi\u0107 na kr\u0105\u017cki, starannie umy\u0107 i ods\u0105czy\u0107 z wody, najlepiej w suszarce do sa\u0142aty. 2. W g\u0142\u0119bokiej patelni rozpu\u015bci\u0107 mas\u0142o wrzuci\u0107 pokrojone pory, sma\u017cy\u0107 5 minut, po czym doda\u0107 [&hellip;]<\/p>\n","protected":false},"author":2,"featured_media":0,"comment_status":"open","ping_status":"open","sticky":false,"template":"","format":"standard","meta":{"footnotes":""},"categories":[1],"tags":[],"_links":{"self":[{"href":"https:\/\/blog.polityka.pl\/adamczewski\/wp-json\/wp\/v2\/posts\/10011"}],"collection":[{"href":"https:\/\/blog.polityka.pl\/adamczewski\/wp-json\/wp\/v2\/posts"}],"about":[{"href":"https:\/\/blog.polityka.pl\/adamczewski\/wp-json\/wp\/v2\/types\/post"}],"author":[{"embeddable":true,"href":"https:\/\/blog.polityka.pl\/adamczewski\/wp-json\/wp\/v2\/users\/2"}],"replies":[{"embeddable":true,"href":"https:\/\/blog.polityka.pl\/adamczewski\/wp-json\/wp\/v2\/comments?post=10011"}],"version-history":[{"count":0,"href":"https:\/\/blog.polityka.pl\/adamczewski\/wp-json\/wp\/v2\/posts\/10011\/revisions"}],"wp:attachment":[{"href":"https:\/\/blog.polityka.pl\/adamczewski\/wp-json\/wp\/v2\/media?parent=10011"}],"wp:term":[{"taxonomy":"category","embeddable":true,"href":"https:\/\/blog.polityka.pl\/adamczewski\/wp-json\/wp\/v2\/categories?post=10011"},{"taxonomy":"post_tag","embeddable":true,"href":"https:\/\/blog.polityka.pl\/adamczewski\/wp-json\/wp\/v2\/tags?post=10011"}],"curies":[{"name":"wp","href":"https:\/\/api.w.org\/{rel}","templated":true}]}}