
{"id":10014,"date":"2008-10-13T05:26:41","date_gmt":"2008-10-13T04:26:41","guid":{"rendered":"http:\/\/adamczewscy.pl\/?p=2169"},"modified":"2008-10-13T05:26:41","modified_gmt":"2008-10-13T04:26:41","slug":"karp-z-jajami-na-twardo-i-sosem-chrzanowym","status":"publish","type":"post","link":"https:\/\/blog.polityka.pl\/adamczewski\/2008\/10\/13\/karp-z-jajami-na-twardo-i-sosem-chrzanowym\/","title":{"rendered":"Karp z jajami na twardo i sosem chrzanowym"},"content":{"rendered":"<p><em>80 dag filet\u00f3w z karpia,  p\u00f3\u0142 szklanki mleka, 4 \u0142y\u017cki mas\u0142a, 3 \u0142y\u017cki m\u0105ki, szklanka \u015bmietany (12 proc. ) wymieszanej z po\u0142ow\u0105 szklanki mleka, 2 \u0142y\u017cki tartego chrzanu, sok  z po\u0142owy cytryny, cukier, s\u00f3l, 2 jaja na twardo.<\/em><\/p>\n<p>1. Filety z karpia umy\u0107, osuszy\u0107, podzieli\u0107 na porcje, zala\u0107 mlekiem i pozostawi\u0107 na godzin\u0119.<br \/>\n2. W garnuszku rozgrza\u0107  3 \u0142y\u017cki mas\u0142a, doda\u0107 m\u0105k\u0119 a kiedy spieni si\u0119 i zbieleje doda\u0107 \u015bmietan\u0119 wymieszan\u0105 z mlekiem, chwil\u0119 gotowa\u0107, po czym doda\u0107 chrzan, doprawi\u0107 sol\u0105, cukrem, sokiem cytrynowym. Doprowadzi\u0107 sos do wrzenia, ale ju\u017c nie gotowa\u0107.<br \/>\n3. Na \u017caroodpornym p\u00f3\u0142misku u\u0142o\u017cy\u0107 posolone lekko kawa\u0142ki ryby, pola\u0107 stopionym pozosta\u0142ym mas\u0142em i zapieka\u0107 w piekarniku oko\u0142o 30 minut.<br \/>\n4. Jaja posieka\u0107, posypa\u0107 nimi ryb\u0119, zala\u0107 sosem i zn\u00f3w wstawi\u0107 do piekarnika, aby wierzch si\u0119 zrumieni\u0142. <\/p>\n","protected":false},"excerpt":{"rendered":"<p>80 dag filet\u00f3w z karpia, p\u00f3\u0142 szklanki mleka, 4 \u0142y\u017cki mas\u0142a, 3 \u0142y\u017cki m\u0105ki, szklanka \u015bmietany (12 proc. ) wymieszanej z po\u0142ow\u0105 szklanki mleka, 2 \u0142y\u017cki tartego chrzanu, sok z po\u0142owy cytryny, cukier, s\u00f3l, 2 jaja na twardo. 1. Filety z karpia umy\u0107, osuszy\u0107, podzieli\u0107 na porcje, zala\u0107 mlekiem i pozostawi\u0107 na godzin\u0119. 2. W [&hellip;]<\/p>\n","protected":false},"author":2,"featured_media":0,"comment_status":"open","ping_status":"open","sticky":false,"template":"","format":"standard","meta":{"footnotes":""},"categories":[1],"tags":[],"_links":{"self":[{"href":"https:\/\/blog.polityka.pl\/adamczewski\/wp-json\/wp\/v2\/posts\/10014"}],"collection":[{"href":"https:\/\/blog.polityka.pl\/adamczewski\/wp-json\/wp\/v2\/posts"}],"about":[{"href":"https:\/\/blog.polityka.pl\/adamczewski\/wp-json\/wp\/v2\/types\/post"}],"author":[{"embeddable":true,"href":"https:\/\/blog.polityka.pl\/adamczewski\/wp-json\/wp\/v2\/users\/2"}],"replies":[{"embeddable":true,"href":"https:\/\/blog.polityka.pl\/adamczewski\/wp-json\/wp\/v2\/comments?post=10014"}],"version-history":[{"count":0,"href":"https:\/\/blog.polityka.pl\/adamczewski\/wp-json\/wp\/v2\/posts\/10014\/revisions"}],"wp:attachment":[{"href":"https:\/\/blog.polityka.pl\/adamczewski\/wp-json\/wp\/v2\/media?parent=10014"}],"wp:term":[{"taxonomy":"category","embeddable":true,"href":"https:\/\/blog.polityka.pl\/adamczewski\/wp-json\/wp\/v2\/categories?post=10014"},{"taxonomy":"post_tag","embeddable":true,"href":"https:\/\/blog.polityka.pl\/adamczewski\/wp-json\/wp\/v2\/tags?post=10014"}],"curies":[{"name":"wp","href":"https:\/\/api.w.org\/{rel}","templated":true}]}}