
{"id":10016,"date":"2008-10-20T05:26:49","date_gmt":"2008-10-20T04:26:49","guid":{"rendered":"http:\/\/adamczewscy.pl\/?p=2172"},"modified":"2008-10-20T05:26:49","modified_gmt":"2008-10-20T04:26:49","slug":"zupa-z-kalarepki-z-mlekiem","status":"publish","type":"post","link":"https:\/\/blog.polityka.pl\/adamczewski\/2008\/10\/20\/zupa-z-kalarepki-z-mlekiem\/","title":{"rendered":"Zupa z kalarepki z mlekiem"},"content":{"rendered":"<p><em>2 kalarepki, 2 szklanki mleka, marchew, pietruszka, por, kawa\u0142ek selera, \u0142y\u017cka m\u0105ki, s\u00f3l, cukier do smaku. <\/em><\/p>\n<p>1. Marchew, pietruszk\u0119, seler i por oczy\u015bci\u0107, obra\u0107 i nie kroj\u0105c w\u0142o\u017cy\u0107 do garnka. Kalarepk\u0119 obra\u0107 i zetrze\u0107 na jarzynowej grubej tarce i doda\u0107 do w\u0142oszczyzny. Zala\u0107  warzywa 2 szklankami wody. Ugotowa\u0107.<br \/>\n2. Ugotowan\u0105 w\u0142oszczyzn\u0119 wyj\u0105\u0107, do pozosta\u0142ej zupy doda\u0107 wymieszan\u0105 w 3 \u0142y\u017ckach wody m\u0105k\u0119 i zagotowa\u0107. Odstawi\u0107.<br \/>\n3. Mleko zagotowa\u0107 i gor\u0105ce wla\u0107 do gor\u0105cej tak\u017ce zupy, doprawi\u0107 sol\u0105 i cukrem, je\u015bli kto\u015b lubi &#8211; kilkoma kroplami przyprawy do zup.<br \/>\nT\u0119 delikatn\u0105 zup\u0119 kalarepkow\u0105 podawa\u0107 mo\u017cna z ziemniakami, kluskami lub grzankami z bu\u0142ki.<\/p>\n","protected":false},"excerpt":{"rendered":"<p>2 kalarepki, 2 szklanki mleka, marchew, pietruszka, por, kawa\u0142ek selera, \u0142y\u017cka m\u0105ki, s\u00f3l, cukier do smaku. 1. Marchew, pietruszk\u0119, seler i por oczy\u015bci\u0107, obra\u0107 i nie kroj\u0105c w\u0142o\u017cy\u0107 do garnka. Kalarepk\u0119 obra\u0107 i zetrze\u0107 na jarzynowej grubej tarce i doda\u0107 do w\u0142oszczyzny. Zala\u0107 warzywa 2 szklankami wody. Ugotowa\u0107. 2. Ugotowan\u0105 w\u0142oszczyzn\u0119 wyj\u0105\u0107, do pozosta\u0142ej zupy [&hellip;]<\/p>\n","protected":false},"author":2,"featured_media":0,"comment_status":"open","ping_status":"open","sticky":false,"template":"","format":"standard","meta":{"footnotes":""},"categories":[1],"tags":[],"_links":{"self":[{"href":"https:\/\/blog.polityka.pl\/adamczewski\/wp-json\/wp\/v2\/posts\/10016"}],"collection":[{"href":"https:\/\/blog.polityka.pl\/adamczewski\/wp-json\/wp\/v2\/posts"}],"about":[{"href":"https:\/\/blog.polityka.pl\/adamczewski\/wp-json\/wp\/v2\/types\/post"}],"author":[{"embeddable":true,"href":"https:\/\/blog.polityka.pl\/adamczewski\/wp-json\/wp\/v2\/users\/2"}],"replies":[{"embeddable":true,"href":"https:\/\/blog.polityka.pl\/adamczewski\/wp-json\/wp\/v2\/comments?post=10016"}],"version-history":[{"count":0,"href":"https:\/\/blog.polityka.pl\/adamczewski\/wp-json\/wp\/v2\/posts\/10016\/revisions"}],"wp:attachment":[{"href":"https:\/\/blog.polityka.pl\/adamczewski\/wp-json\/wp\/v2\/media?parent=10016"}],"wp:term":[{"taxonomy":"category","embeddable":true,"href":"https:\/\/blog.polityka.pl\/adamczewski\/wp-json\/wp\/v2\/categories?post=10016"},{"taxonomy":"post_tag","embeddable":true,"href":"https:\/\/blog.polityka.pl\/adamczewski\/wp-json\/wp\/v2\/tags?post=10016"}],"curies":[{"name":"wp","href":"https:\/\/api.w.org\/{rel}","templated":true}]}}