
{"id":10017,"date":"2008-10-20T05:27:23","date_gmt":"2008-10-20T04:27:23","guid":{"rendered":"http:\/\/adamczewscy.pl\/?p=2173"},"modified":"2008-10-20T05:27:23","modified_gmt":"2008-10-20T04:27:23","slug":"surowka-z-marchwi-i-czarnej-rzodkwi","status":"publish","type":"post","link":"https:\/\/blog.polityka.pl\/adamczewski\/2008\/10\/20\/surowka-z-marchwi-i-czarnej-rzodkwi\/","title":{"rendered":"Sur\u00f3wka z marchwi i czarnej rzodkwi"},"content":{"rendered":"<p><em>4 spore marchwie, \u015brednia czarna rzodkiew, 2 kwa\u015bne jab\u0142ka, p\u00f3\u0142 szklanki \u015bmietany,  s\u00f3l, cukier i sok cytrynowy do smaku. <\/em><\/p>\n<p>1. Marchew obra\u0107, utrze\u0107 na grubszej jarzynowej tarce, skropi\u0107 sokiem cytrynowym.<br \/>\n2. Jab\u0142ka (mog\u0105 by\u0107 ze sk\u00f3rk\u0105) utrze\u0107 na grubej tarce jarzynowej, wymiesza\u0107 z marchwi\u0105, doda\u0107 do smaku s\u00f3l, cukier oraz \u015bmietan\u0119, wymiesza\u0107.<br \/>\n3. Czarn\u0105 rzodkiew obra\u0107, zetrze\u0107 na  grubej tarce jarzynowej, doda\u0107 do marchwi z jab\u0142kami, wymiesza\u0107. <\/p>\n","protected":false},"excerpt":{"rendered":"<p>4 spore marchwie, \u015brednia czarna rzodkiew, 2 kwa\u015bne jab\u0142ka, p\u00f3\u0142 szklanki \u015bmietany, s\u00f3l, cukier i sok cytrynowy do smaku. 1. Marchew obra\u0107, utrze\u0107 na grubszej jarzynowej tarce, skropi\u0107 sokiem cytrynowym. 2. Jab\u0142ka (mog\u0105 by\u0107 ze sk\u00f3rk\u0105) utrze\u0107 na grubej tarce jarzynowej, wymiesza\u0107 z marchwi\u0105, doda\u0107 do smaku s\u00f3l, cukier oraz \u015bmietan\u0119, wymiesza\u0107. 3. Czarn\u0105 rzodkiew [&hellip;]<\/p>\n","protected":false},"author":2,"featured_media":0,"comment_status":"open","ping_status":"open","sticky":false,"template":"","format":"standard","meta":{"footnotes":""},"categories":[1],"tags":[],"_links":{"self":[{"href":"https:\/\/blog.polityka.pl\/adamczewski\/wp-json\/wp\/v2\/posts\/10017"}],"collection":[{"href":"https:\/\/blog.polityka.pl\/adamczewski\/wp-json\/wp\/v2\/posts"}],"about":[{"href":"https:\/\/blog.polityka.pl\/adamczewski\/wp-json\/wp\/v2\/types\/post"}],"author":[{"embeddable":true,"href":"https:\/\/blog.polityka.pl\/adamczewski\/wp-json\/wp\/v2\/users\/2"}],"replies":[{"embeddable":true,"href":"https:\/\/blog.polityka.pl\/adamczewski\/wp-json\/wp\/v2\/comments?post=10017"}],"version-history":[{"count":0,"href":"https:\/\/blog.polityka.pl\/adamczewski\/wp-json\/wp\/v2\/posts\/10017\/revisions"}],"wp:attachment":[{"href":"https:\/\/blog.polityka.pl\/adamczewski\/wp-json\/wp\/v2\/media?parent=10017"}],"wp:term":[{"taxonomy":"category","embeddable":true,"href":"https:\/\/blog.polityka.pl\/adamczewski\/wp-json\/wp\/v2\/categories?post=10017"},{"taxonomy":"post_tag","embeddable":true,"href":"https:\/\/blog.polityka.pl\/adamczewski\/wp-json\/wp\/v2\/tags?post=10017"}],"curies":[{"name":"wp","href":"https:\/\/api.w.org\/{rel}","templated":true}]}}