
{"id":10019,"date":"2008-10-20T05:28:29","date_gmt":"2008-10-20T04:28:29","guid":{"rendered":"http:\/\/adamczewscy.pl\/?p=2175"},"modified":"2008-10-20T05:28:29","modified_gmt":"2008-10-20T04:28:29","slug":"potrawka-z-leszcza","status":"publish","type":"post","link":"https:\/\/blog.polityka.pl\/adamczewski\/2008\/10\/20\/potrawka-z-leszcza\/","title":{"rendered":"Potrawka z leszcza"},"content":{"rendered":"<p><em>60 &#8211; 70 dag filet\u00f3w z leszcza, marchew, pietruszka, cebula, por i kawa\u0142ek selera, 10 dag pieczarek, 0,75 szklanki \u015bmietany, 2 \u0142y\u017cki mas\u0142a, s\u00f3l, pieprz,  po szczypcie majeranku, ga\u0142ki muszkato\u0142owej i imbiru, \u0142y\u017cka przyprawy do zup. <\/em><\/p>\n<p>1. Filety op\u0142uka\u0107, osuszy\u0107, podzieli\u0107 na porcje. Mas\u0142o rozpu\u015bci\u0107 w garnku, doda\u0107 kawa\u0142ki ryby, lekko posoli\u0107. Dusi\u0107 na ma\u0142ym ogniu 10 minut.<br \/>\n2. Cebul\u0119 i pieczarki pokroi\u0107 w plasterki, pozosta\u0142e warzywa w paski, dusi\u0107 wszystkie razem z dodatkiem \u0142y\u017cki mas\u0142a i szklanki wody a\u017c stan\u0105 sie mi\u0119kkie, ale nie rozgotowane.<br \/>\n3. Rozmiesza\u0107 m\u0105k\u0119 ze \u015bmietan\u0105, wla\u0107 do uduszonych warzyw, doda\u0107 przyprawy do smaku i w\u0142o\u017cy\u0107 uduszon\u0105 ryb\u0119.<br \/>\n4. Dusi\u0107 razem oko\u0142o 10 minut.<br \/>\nPotrawk\u0119 t\u0119 podawa\u0107 z ziemniakami z wody lub ry\u017cem. <\/p>\n","protected":false},"excerpt":{"rendered":"<p>60 &#8211; 70 dag filet\u00f3w z leszcza, marchew, pietruszka, cebula, por i kawa\u0142ek selera, 10 dag pieczarek, 0,75 szklanki \u015bmietany, 2 \u0142y\u017cki mas\u0142a, s\u00f3l, pieprz, po szczypcie majeranku, ga\u0142ki muszkato\u0142owej i imbiru, \u0142y\u017cka przyprawy do zup. 1. Filety op\u0142uka\u0107, osuszy\u0107, podzieli\u0107 na porcje. Mas\u0142o rozpu\u015bci\u0107 w garnku, doda\u0107 kawa\u0142ki ryby, lekko posoli\u0107. Dusi\u0107 na ma\u0142ym [&hellip;]<\/p>\n","protected":false},"author":2,"featured_media":0,"comment_status":"open","ping_status":"open","sticky":false,"template":"","format":"standard","meta":{"footnotes":""},"categories":[1],"tags":[],"_links":{"self":[{"href":"https:\/\/blog.polityka.pl\/adamczewski\/wp-json\/wp\/v2\/posts\/10019"}],"collection":[{"href":"https:\/\/blog.polityka.pl\/adamczewski\/wp-json\/wp\/v2\/posts"}],"about":[{"href":"https:\/\/blog.polityka.pl\/adamczewski\/wp-json\/wp\/v2\/types\/post"}],"author":[{"embeddable":true,"href":"https:\/\/blog.polityka.pl\/adamczewski\/wp-json\/wp\/v2\/users\/2"}],"replies":[{"embeddable":true,"href":"https:\/\/blog.polityka.pl\/adamczewski\/wp-json\/wp\/v2\/comments?post=10019"}],"version-history":[{"count":0,"href":"https:\/\/blog.polityka.pl\/adamczewski\/wp-json\/wp\/v2\/posts\/10019\/revisions"}],"wp:attachment":[{"href":"https:\/\/blog.polityka.pl\/adamczewski\/wp-json\/wp\/v2\/media?parent=10019"}],"wp:term":[{"taxonomy":"category","embeddable":true,"href":"https:\/\/blog.polityka.pl\/adamczewski\/wp-json\/wp\/v2\/categories?post=10019"},{"taxonomy":"post_tag","embeddable":true,"href":"https:\/\/blog.polityka.pl\/adamczewski\/wp-json\/wp\/v2\/tags?post=10019"}],"curies":[{"name":"wp","href":"https:\/\/api.w.org\/{rel}","templated":true}]}}