
{"id":10020,"date":"2008-10-20T05:29:03","date_gmt":"2008-10-20T04:29:03","guid":{"rendered":"http:\/\/adamczewscy.pl\/?p=2176"},"modified":"2008-10-20T05:29:03","modified_gmt":"2008-10-20T04:29:03","slug":"placek-z-serem","status":"publish","type":"post","link":"https:\/\/blog.polityka.pl\/adamczewski\/2008\/10\/20\/placek-z-serem\/","title":{"rendered":"Placek z serem"},"content":{"rendered":"<p><em>Szklanka i 3 \u0142y\u017cki m\u0105ki, 3 \u0142y\u017cki mas\u0142a, 4 \u0142y\u017cki cukru pudru, jajko, 4 \u0142y\u017cki \u015bmietany, po\u0142owa ma\u0142ego (na 500 g m\u0105ki) proszku do pieczenia.  Do wysmarowania blaszki : \u0142y\u017cka mas\u0142a lub arkusz papieru pergaminowego do wypiek\u00f3w. Masa serowa: 50 dag t\u0142ustego twarogu, 3 \u0142y\u017cki mas\u0142a, 0, 75 szklanki cukru, 3 jaja, cukier waniliowy lub kawa\u0142ek pokrojonej laski wanilii, sk\u00f3rka otarta z po\u0142owy cytryny. <\/em><\/p>\n<p>1. Przygotowa\u0107 ciasto zagniataj\u0105c je z podanych sk\u0142adnik\u00f3w. Roz\u0142o\u017cy\u0107 na wy\u0142o\u017conej pergaminem lub wysmarowanej blaszce, podpiec na jasnoz\u0142oto.<br \/>\n2. Przygotowa\u0107 mas\u0119 serow\u0105: zemle\u0107 w maszynce ser, doda\u0107 mas\u0142o i \u017c\u00f3\u0142tka oraz cukier i zapachy, wymiesza\u0107. Ubi\u0107 sztywn\u0105 piane z bia\u0142ek i doda\u0107 do masy delikatnie mieszaj\u0105c.<br \/>\n3. Wy\u0142o\u017cy\u0107 mas\u0119 na podpieczony placek, wyg\u0142adzi\u0107 szerokim no\u017cem.<br \/>\n4. Piec placek 40 minut w temperaturze170-180 st C.<br \/>\nPo zupe\u0142nym wystygni\u0119ciu pokroi\u0107 na porcje. <\/p>\n","protected":false},"excerpt":{"rendered":"<p>Szklanka i 3 \u0142y\u017cki m\u0105ki, 3 \u0142y\u017cki mas\u0142a, 4 \u0142y\u017cki cukru pudru, jajko, 4 \u0142y\u017cki \u015bmietany, po\u0142owa ma\u0142ego (na 500 g m\u0105ki) proszku do pieczenia. Do wysmarowania blaszki : \u0142y\u017cka mas\u0142a lub arkusz papieru pergaminowego do wypiek\u00f3w. Masa serowa: 50 dag t\u0142ustego twarogu, 3 \u0142y\u017cki mas\u0142a, 0, 75 szklanki cukru, 3 jaja, cukier waniliowy lub [&hellip;]<\/p>\n","protected":false},"author":2,"featured_media":0,"comment_status":"open","ping_status":"open","sticky":false,"template":"","format":"standard","meta":{"footnotes":""},"categories":[1],"tags":[],"_links":{"self":[{"href":"https:\/\/blog.polityka.pl\/adamczewski\/wp-json\/wp\/v2\/posts\/10020"}],"collection":[{"href":"https:\/\/blog.polityka.pl\/adamczewski\/wp-json\/wp\/v2\/posts"}],"about":[{"href":"https:\/\/blog.polityka.pl\/adamczewski\/wp-json\/wp\/v2\/types\/post"}],"author":[{"embeddable":true,"href":"https:\/\/blog.polityka.pl\/adamczewski\/wp-json\/wp\/v2\/users\/2"}],"replies":[{"embeddable":true,"href":"https:\/\/blog.polityka.pl\/adamczewski\/wp-json\/wp\/v2\/comments?post=10020"}],"version-history":[{"count":0,"href":"https:\/\/blog.polityka.pl\/adamczewski\/wp-json\/wp\/v2\/posts\/10020\/revisions"}],"wp:attachment":[{"href":"https:\/\/blog.polityka.pl\/adamczewski\/wp-json\/wp\/v2\/media?parent=10020"}],"wp:term":[{"taxonomy":"category","embeddable":true,"href":"https:\/\/blog.polityka.pl\/adamczewski\/wp-json\/wp\/v2\/categories?post=10020"},{"taxonomy":"post_tag","embeddable":true,"href":"https:\/\/blog.polityka.pl\/adamczewski\/wp-json\/wp\/v2\/tags?post=10020"}],"curies":[{"name":"wp","href":"https:\/\/api.w.org\/{rel}","templated":true}]}}