
{"id":10022,"date":"2008-10-26T16:51:15","date_gmt":"2008-10-26T15:51:15","guid":{"rendered":"http:\/\/adamczewscy.pl\/?p=2179"},"modified":"2008-10-26T16:51:15","modified_gmt":"2008-10-26T15:51:15","slug":"zimowa-salatka-z-marchwi","status":"publish","type":"post","link":"https:\/\/blog.polityka.pl\/adamczewski\/2008\/10\/26\/zimowa-salatka-z-marchwi\/","title":{"rendered":"Zimowa sa\u0142atka z marchwi"},"content":{"rendered":"<p><em>4 dorodne marchwie<br \/>\nNa sos: 2 \u0142y\u017cki majonezu, 3 \u0142y\u017cki jogurtu naturalnego, s\u00f3l, pieprz, 2 z\u0105bki czosnku.\u00a0<\/em><\/p>\n<p>1. Marchwie obra\u0107 mo\u017cliwie cienko, utrze\u0107 na grubszej jarzynowej tarce.<br \/>\n2. Wymiesza\u0107 sk\u0142adniki sosu: majonez, jogurt, s\u00f3l i pieprz do smaku, oraz przeci\u015bni\u0119ty przez prask\u0119 czosnek.<br \/>\n3. Wymiesza\u0107 start\u0105 marchew z sosem. Podawa\u0107 po 15 minutach.<\/p>\n","protected":false},"excerpt":{"rendered":"<p>4 dorodne marchwie Na sos: 2 \u0142y\u017cki majonezu, 3 \u0142y\u017cki jogurtu naturalnego, s\u00f3l, pieprz, 2 z\u0105bki czosnku.\u00a0 1. Marchwie obra\u0107 mo\u017cliwie cienko, utrze\u0107 na grubszej jarzynowej tarce. 2. Wymiesza\u0107 sk\u0142adniki sosu: majonez, jogurt, s\u00f3l i pieprz do smaku, oraz przeci\u015bni\u0119ty przez prask\u0119 czosnek. 3. Wymiesza\u0107 start\u0105 marchew z sosem. Podawa\u0107 po 15 minutach.<\/p>\n","protected":false},"author":2,"featured_media":0,"comment_status":"open","ping_status":"open","sticky":false,"template":"","format":"standard","meta":{"footnotes":""},"categories":[1],"tags":[],"_links":{"self":[{"href":"https:\/\/blog.polityka.pl\/adamczewski\/wp-json\/wp\/v2\/posts\/10022"}],"collection":[{"href":"https:\/\/blog.polityka.pl\/adamczewski\/wp-json\/wp\/v2\/posts"}],"about":[{"href":"https:\/\/blog.polityka.pl\/adamczewski\/wp-json\/wp\/v2\/types\/post"}],"author":[{"embeddable":true,"href":"https:\/\/blog.polityka.pl\/adamczewski\/wp-json\/wp\/v2\/users\/2"}],"replies":[{"embeddable":true,"href":"https:\/\/blog.polityka.pl\/adamczewski\/wp-json\/wp\/v2\/comments?post=10022"}],"version-history":[{"count":0,"href":"https:\/\/blog.polityka.pl\/adamczewski\/wp-json\/wp\/v2\/posts\/10022\/revisions"}],"wp:attachment":[{"href":"https:\/\/blog.polityka.pl\/adamczewski\/wp-json\/wp\/v2\/media?parent=10022"}],"wp:term":[{"taxonomy":"category","embeddable":true,"href":"https:\/\/blog.polityka.pl\/adamczewski\/wp-json\/wp\/v2\/categories?post=10022"},{"taxonomy":"post_tag","embeddable":true,"href":"https:\/\/blog.polityka.pl\/adamczewski\/wp-json\/wp\/v2\/tags?post=10022"}],"curies":[{"name":"wp","href":"https:\/\/api.w.org\/{rel}","templated":true}]}}