
{"id":10023,"date":"2008-10-26T16:51:41","date_gmt":"2008-10-26T15:51:41","guid":{"rendered":"http:\/\/adamczewscy.pl\/?p=2180"},"modified":"2008-10-26T16:51:41","modified_gmt":"2008-10-26T15:51:41","slug":"zielona-surowka","status":"publish","type":"post","link":"https:\/\/blog.polityka.pl\/adamczewski\/2008\/10\/26\/zielona-surowka\/","title":{"rendered":"Zielona sur\u00f3wka"},"content":{"rendered":"<p><em>G\u0142\u00f3wka  sa\u0142aty rzymskiej, szklanka zielonych winogron bezpestkowych, 2 \u0142y\u017cki pokrojonych zielonych oliwek, 2 \u0142y\u017cki pestek dyniowych.<br \/>\nNa sos winegret: 2 \u0142y\u017cki octu balsamicznego lub soku z cytryny, 6 \u0142y\u017cek oleju z pestek winogron, \u0142y\u017ceczka musztardy miodowej, spora szczypta soli, cukru, pieprzu, przekrojony na po\u0142\u00f3wki z\u0105bek czosnku.\u00a0<\/em><\/p>\n<p>1. Sa\u0142at\u0119 rzymsk\u0105 podzieli\u0107 na poszczeg\u00f3lne listki, ka\u017cdy podzieli\u0107 palcami. Winogrona podzieli\u0107 na po\u0142\u00f3wki. Pestki dyniowe upra\u017cy\u0107 na suchej patelni.<br \/>\n2. Umie\u015bci\u0107 wszystkie sk\u0142adniki sosu w zakr\u0119canym s\u0142oiku i dok\u0142adnie wymiesza\u0107.<br \/>\n3. Wymiesza\u0107 w salaterce sa\u0142at\u0119 z winogronami, oliwkami i pestkami dyni oraz sosem winegret.<\/p>\n","protected":false},"excerpt":{"rendered":"<p>G\u0142\u00f3wka sa\u0142aty rzymskiej, szklanka zielonych winogron bezpestkowych, 2 \u0142y\u017cki pokrojonych zielonych oliwek, 2 \u0142y\u017cki pestek dyniowych. Na sos winegret: 2 \u0142y\u017cki octu balsamicznego lub soku z cytryny, 6 \u0142y\u017cek oleju z pestek winogron, \u0142y\u017ceczka musztardy miodowej, spora szczypta soli, cukru, pieprzu, przekrojony na po\u0142\u00f3wki z\u0105bek czosnku.\u00a0 1. Sa\u0142at\u0119 rzymsk\u0105 podzieli\u0107 na poszczeg\u00f3lne listki, ka\u017cdy podzieli\u0107 [&hellip;]<\/p>\n","protected":false},"author":2,"featured_media":0,"comment_status":"open","ping_status":"open","sticky":false,"template":"","format":"standard","meta":{"footnotes":""},"categories":[1],"tags":[],"_links":{"self":[{"href":"https:\/\/blog.polityka.pl\/adamczewski\/wp-json\/wp\/v2\/posts\/10023"}],"collection":[{"href":"https:\/\/blog.polityka.pl\/adamczewski\/wp-json\/wp\/v2\/posts"}],"about":[{"href":"https:\/\/blog.polityka.pl\/adamczewski\/wp-json\/wp\/v2\/types\/post"}],"author":[{"embeddable":true,"href":"https:\/\/blog.polityka.pl\/adamczewski\/wp-json\/wp\/v2\/users\/2"}],"replies":[{"embeddable":true,"href":"https:\/\/blog.polityka.pl\/adamczewski\/wp-json\/wp\/v2\/comments?post=10023"}],"version-history":[{"count":0,"href":"https:\/\/blog.polityka.pl\/adamczewski\/wp-json\/wp\/v2\/posts\/10023\/revisions"}],"wp:attachment":[{"href":"https:\/\/blog.polityka.pl\/adamczewski\/wp-json\/wp\/v2\/media?parent=10023"}],"wp:term":[{"taxonomy":"category","embeddable":true,"href":"https:\/\/blog.polityka.pl\/adamczewski\/wp-json\/wp\/v2\/categories?post=10023"},{"taxonomy":"post_tag","embeddable":true,"href":"https:\/\/blog.polityka.pl\/adamczewski\/wp-json\/wp\/v2\/tags?post=10023"}],"curies":[{"name":"wp","href":"https:\/\/api.w.org\/{rel}","templated":true}]}}