
{"id":10030,"date":"2008-11-03T06:18:11","date_gmt":"2008-11-03T05:18:11","guid":{"rendered":"http:\/\/adamczewscy.pl\/?p=2189"},"modified":"2008-11-03T06:18:11","modified_gmt":"2008-11-03T05:18:11","slug":"zupa-ze-szpinaku","status":"publish","type":"post","link":"https:\/\/blog.polityka.pl\/adamczewski\/2008\/11\/03\/zupa-ze-szpinaku\/","title":{"rendered":"Zupa ze szpinaku"},"content":{"rendered":"<p><em>50 dag \u015bwie\u017cego szpinaku (lub 35 dag, czyli paczka mro\u017conego), \u0142y\u017cka mas\u0142a, 4 szklanki bulionu (mo\u017ce by\u0107 z kostki), s\u00f3l, pieprz, ga\u0142ka muszkato\u0142owa, 2 spore ziemniaki, \u0142y\u017cka m\u0105ki,  2 \u0142y\u017cki \u015bmietany.\u00a0<\/em><\/p>\n<p>1. Szpinak \u015bwie\u017cy oczy\u015bci\u0107, poobcina\u0107 zbyt d\u0142ugie \u0142ody\u017cki, wyp\u0142uka\u0107, obgotowa\u0107, odcedzi\u0107 i posieka\u0107.<br \/>\n2. Na ma\u015ble usma\u017cy\u0107 posiekan\u0105 drobno cebul\u0119, doda\u0107 posiekany szpinak, dusi\u0107 chwil\u0119, doda\u0107 m\u0105k\u0119, wla\u0107 bulion, wymiesza\u0107, doda\u0107 s\u00f3l i pieprz do smaku, doprawi\u0107 start\u0105 ga\u0142k\u0105.<br \/>\n3. Gotowa\u0107 zup\u0119 20 minut. Po odstawieniu z ognia doda\u0107 \u015bmietan\u0119. Podawa\u0107 od razu.<\/p>\n","protected":false},"excerpt":{"rendered":"<p>50 dag \u015bwie\u017cego szpinaku (lub 35 dag, czyli paczka mro\u017conego), \u0142y\u017cka mas\u0142a, 4 szklanki bulionu (mo\u017ce by\u0107 z kostki), s\u00f3l, pieprz, ga\u0142ka muszkato\u0142owa, 2 spore ziemniaki, \u0142y\u017cka m\u0105ki, 2 \u0142y\u017cki \u015bmietany.\u00a0 1. Szpinak \u015bwie\u017cy oczy\u015bci\u0107, poobcina\u0107 zbyt d\u0142ugie \u0142ody\u017cki, wyp\u0142uka\u0107, obgotowa\u0107, odcedzi\u0107 i posieka\u0107. 2. Na ma\u015ble usma\u017cy\u0107 posiekan\u0105 drobno cebul\u0119, doda\u0107 posiekany szpinak, dusi\u0107 [&hellip;]<\/p>\n","protected":false},"author":2,"featured_media":0,"comment_status":"open","ping_status":"open","sticky":false,"template":"","format":"standard","meta":{"footnotes":""},"categories":[1],"tags":[],"_links":{"self":[{"href":"https:\/\/blog.polityka.pl\/adamczewski\/wp-json\/wp\/v2\/posts\/10030"}],"collection":[{"href":"https:\/\/blog.polityka.pl\/adamczewski\/wp-json\/wp\/v2\/posts"}],"about":[{"href":"https:\/\/blog.polityka.pl\/adamczewski\/wp-json\/wp\/v2\/types\/post"}],"author":[{"embeddable":true,"href":"https:\/\/blog.polityka.pl\/adamczewski\/wp-json\/wp\/v2\/users\/2"}],"replies":[{"embeddable":true,"href":"https:\/\/blog.polityka.pl\/adamczewski\/wp-json\/wp\/v2\/comments?post=10030"}],"version-history":[{"count":0,"href":"https:\/\/blog.polityka.pl\/adamczewski\/wp-json\/wp\/v2\/posts\/10030\/revisions"}],"wp:attachment":[{"href":"https:\/\/blog.polityka.pl\/adamczewski\/wp-json\/wp\/v2\/media?parent=10030"}],"wp:term":[{"taxonomy":"category","embeddable":true,"href":"https:\/\/blog.polityka.pl\/adamczewski\/wp-json\/wp\/v2\/categories?post=10030"},{"taxonomy":"post_tag","embeddable":true,"href":"https:\/\/blog.polityka.pl\/adamczewski\/wp-json\/wp\/v2\/tags?post=10030"}],"curies":[{"name":"wp","href":"https:\/\/api.w.org\/{rel}","templated":true}]}}