
{"id":10031,"date":"2008-11-03T06:18:48","date_gmt":"2008-11-03T05:18:48","guid":{"rendered":"http:\/\/adamczewscy.pl\/?p=2190"},"modified":"2008-11-03T06:18:48","modified_gmt":"2008-11-03T05:18:48","slug":"zupa-serowa","status":"publish","type":"post","link":"https:\/\/blog.polityka.pl\/adamczewski\/2008\/11\/03\/zupa-serowa\/","title":{"rendered":"Zupa serowa"},"content":{"rendered":"<p><em>20 dag startego ementalera, kostka 100 g serka topionego, 4 szklanki roso\u0142u lub bulionu (mo\u017ce by\u0107 z kostki), 2 \u0142y\u017cki mas\u0142a, z\u0105bek czosnku, szczypta mielonej ga\u0142ki muszkato\u0142owej, pieprz. Jako dodatek: 2 szklanki pokrojonej w kostk\u0119 bu\u0142ki \u0142y\u017ceczka mas\u0142a.\u00a0<\/em><\/p>\n<p>1. Serek topiony pokroi\u0107 na drobne kawa\u0142ki, doda\u0107 starty ementaler i szklank\u0119 bulionu lub roso\u0142u, zagotowa\u0107 i zmiksowa\u0107.<br \/>\n2. Doda\u0107 pozosta\u0142y ros\u00f3\u0142 lub bulion, doda\u0107 przeci\u015bni\u0119ty przez prask\u0119 z\u0105bek czosnku, ga\u0142k\u0119 muszkato\u0142ow\u0105, pieprz. Zagrza\u0107 zup\u0119.<br \/>\n3. Pokrojona w kostk\u0119 bu\u0142k\u0119 podsuszy\u0107 na suchej patelni, na koniec doda\u0107 \u0142y\u017ceczk\u0119 mas\u0142a.<\/p>\n<p>Podawa\u0107 grzanki w osobnym naczyniu.<\/p>\n","protected":false},"excerpt":{"rendered":"<p>20 dag startego ementalera, kostka 100 g serka topionego, 4 szklanki roso\u0142u lub bulionu (mo\u017ce by\u0107 z kostki), 2 \u0142y\u017cki mas\u0142a, z\u0105bek czosnku, szczypta mielonej ga\u0142ki muszkato\u0142owej, pieprz. Jako dodatek: 2 szklanki pokrojonej w kostk\u0119 bu\u0142ki \u0142y\u017ceczka mas\u0142a.\u00a0 1. Serek topiony pokroi\u0107 na drobne kawa\u0142ki, doda\u0107 starty ementaler i szklank\u0119 bulionu lub roso\u0142u, zagotowa\u0107 i [&hellip;]<\/p>\n","protected":false},"author":2,"featured_media":0,"comment_status":"open","ping_status":"open","sticky":false,"template":"","format":"standard","meta":{"footnotes":""},"categories":[1],"tags":[],"_links":{"self":[{"href":"https:\/\/blog.polityka.pl\/adamczewski\/wp-json\/wp\/v2\/posts\/10031"}],"collection":[{"href":"https:\/\/blog.polityka.pl\/adamczewski\/wp-json\/wp\/v2\/posts"}],"about":[{"href":"https:\/\/blog.polityka.pl\/adamczewski\/wp-json\/wp\/v2\/types\/post"}],"author":[{"embeddable":true,"href":"https:\/\/blog.polityka.pl\/adamczewski\/wp-json\/wp\/v2\/users\/2"}],"replies":[{"embeddable":true,"href":"https:\/\/blog.polityka.pl\/adamczewski\/wp-json\/wp\/v2\/comments?post=10031"}],"version-history":[{"count":0,"href":"https:\/\/blog.polityka.pl\/adamczewski\/wp-json\/wp\/v2\/posts\/10031\/revisions"}],"wp:attachment":[{"href":"https:\/\/blog.polityka.pl\/adamczewski\/wp-json\/wp\/v2\/media?parent=10031"}],"wp:term":[{"taxonomy":"category","embeddable":true,"href":"https:\/\/blog.polityka.pl\/adamczewski\/wp-json\/wp\/v2\/categories?post=10031"},{"taxonomy":"post_tag","embeddable":true,"href":"https:\/\/blog.polityka.pl\/adamczewski\/wp-json\/wp\/v2\/tags?post=10031"}],"curies":[{"name":"wp","href":"https:\/\/api.w.org\/{rel}","templated":true}]}}