
{"id":10032,"date":"2008-11-03T06:19:28","date_gmt":"2008-11-03T05:19:28","guid":{"rendered":"http:\/\/adamczewscy.pl\/?p=2191"},"modified":"2008-11-03T06:19:28","modified_gmt":"2008-11-03T05:19:28","slug":"zrazy-cielece-z-ryzem","status":"publish","type":"post","link":"https:\/\/blog.polityka.pl\/adamczewski\/2008\/11\/03\/zrazy-cielece-z-ryzem\/","title":{"rendered":"Zrazy ciel\u0119ce z ry\u017cem"},"content":{"rendered":"<p><em>4 plastry ciel\u0119ciny od szynki, woreczek ry\u017cu do gotowania (200 g),  \u0142y\u017cka mas\u0142a i \u0142y\u017cka oleju, cebula, pieprz i s\u00f3l, \u0142y\u017cka m\u0105ki, szklanka roso\u0142u z kostki.<br \/>\nDo sma\u017cenia: \u0142y\u017cka mas\u0142a i 2 \u0142y\u017cki oleju lub oliwy.\u00a0<\/em><\/p>\n<p>1. Ugotowa\u0107 na p\u00f3\u0142twardo ry\u017c, wysypa\u0107 z woreczka do salaterki.<br \/>\n2. Cebul\u0119 posieka\u0107 drobno i poddusi\u0107 na ma\u015ble.<br \/>\n3. Wymiesza\u0107 ry\u017c z cebul\u0105, doprawi\u0107 sol\u0105 i pieprzem<br \/>\n4. Rozbi\u0107 t\u0142uczkiem do mi\u0119sa plastry ciel\u0119ciny na cienkie p\u0142aty. Na ka\u017cdym roz\u0142o\u017cy\u0107 doprawiony ry\u017c r\u00f3wn\u0105 warstw\u0105, zwin\u0105\u0107 zrazy w ruloniki, obwi\u0105za\u0107 nici\u0105. Posypa\u0107 m\u0105k\u0105.<br \/>\n5. Rozgrza\u0107 mas\u0142o z olejem, obsma\u017cy\u0107 zrazy, podla\u0107 roso\u0142em i dusi\u0107 pod pokryw\u0105, a\u017c b\u0119d\u0105 mi\u0119kkie. W razie potrzeby podlewa\u0107 kilkoma \u0142y\u017ckami wody.<\/p>\n","protected":false},"excerpt":{"rendered":"<p>4 plastry ciel\u0119ciny od szynki, woreczek ry\u017cu do gotowania (200 g), \u0142y\u017cka mas\u0142a i \u0142y\u017cka oleju, cebula, pieprz i s\u00f3l, \u0142y\u017cka m\u0105ki, szklanka roso\u0142u z kostki. Do sma\u017cenia: \u0142y\u017cka mas\u0142a i 2 \u0142y\u017cki oleju lub oliwy.\u00a0 1. Ugotowa\u0107 na p\u00f3\u0142twardo ry\u017c, wysypa\u0107 z woreczka do salaterki. 2. Cebul\u0119 posieka\u0107 drobno i poddusi\u0107 na ma\u015ble. 3. [&hellip;]<\/p>\n","protected":false},"author":2,"featured_media":0,"comment_status":"open","ping_status":"open","sticky":false,"template":"","format":"standard","meta":{"footnotes":""},"categories":[1],"tags":[],"_links":{"self":[{"href":"https:\/\/blog.polityka.pl\/adamczewski\/wp-json\/wp\/v2\/posts\/10032"}],"collection":[{"href":"https:\/\/blog.polityka.pl\/adamczewski\/wp-json\/wp\/v2\/posts"}],"about":[{"href":"https:\/\/blog.polityka.pl\/adamczewski\/wp-json\/wp\/v2\/types\/post"}],"author":[{"embeddable":true,"href":"https:\/\/blog.polityka.pl\/adamczewski\/wp-json\/wp\/v2\/users\/2"}],"replies":[{"embeddable":true,"href":"https:\/\/blog.polityka.pl\/adamczewski\/wp-json\/wp\/v2\/comments?post=10032"}],"version-history":[{"count":0,"href":"https:\/\/blog.polityka.pl\/adamczewski\/wp-json\/wp\/v2\/posts\/10032\/revisions"}],"wp:attachment":[{"href":"https:\/\/blog.polityka.pl\/adamczewski\/wp-json\/wp\/v2\/media?parent=10032"}],"wp:term":[{"taxonomy":"category","embeddable":true,"href":"https:\/\/blog.polityka.pl\/adamczewski\/wp-json\/wp\/v2\/categories?post=10032"},{"taxonomy":"post_tag","embeddable":true,"href":"https:\/\/blog.polityka.pl\/adamczewski\/wp-json\/wp\/v2\/tags?post=10032"}],"curies":[{"name":"wp","href":"https:\/\/api.w.org\/{rel}","templated":true}]}}