
{"id":10033,"date":"2008-11-03T06:20:05","date_gmt":"2008-11-03T05:20:05","guid":{"rendered":"http:\/\/adamczewscy.pl\/?p=2192"},"modified":"2008-11-03T06:20:05","modified_gmt":"2008-11-03T05:20:05","slug":"nalesniki-z-farszem-gryczano-grzybowym","status":"publish","type":"post","link":"https:\/\/blog.polityka.pl\/adamczewski\/2008\/11\/03\/nalesniki-z-farszem-gryczano-grzybowym\/","title":{"rendered":"Nale\u015bniki z farszem gryczano-grzybowym"},"content":{"rendered":"<p><em>8 nale\u015bnik\u00f3w.<br \/>\nNa farsz: 2 woreczki kaszy gryczanej (po 125g), 5 dag suszonych grzyb\u00f3w, 2 cebule, 2 \u0142y\u017cki smalcu lub mas\u0142a, s\u00f3l, pieprz do smaku.<br \/>\nDo sma\u017cenia nale\u015bnik\u00f3w: 2 \u0142y\u017cki oleju i 2 \u0142y\u017cki mas\u0142a.\u00a0<\/em><\/p>\n<p>1. Grzyby umy\u0107, namoczy\u0107 na kilka godzin i ugotowa\u0107 w tej samej wodzie.<br \/>\n2. Na wywarze (mo\u017cna dola\u0107 nieco wody) ugotowa\u0107 kasz\u0119 gryczan\u0105, grzyby posieka\u0107.<br \/>\n3. Cebul\u0119 drobno posieka\u0107,  razem z posiekanymi grzybami poddusi\u0107 na smalcu lub ma\u015ble,  doda\u0107 kasz\u0119, doprawi\u0107 wszystko sol\u0105 i pieprzem.<br \/>\n4. Nak\u0142ada\u0107 farsz na nale\u015bniki, zwija\u0107 je w chusteczk\u0119 i podsma\u017ca\u0107 na ma\u015ble z olejem.<\/p>\n","protected":false},"excerpt":{"rendered":"<p>8 nale\u015bnik\u00f3w. Na farsz: 2 woreczki kaszy gryczanej (po 125g), 5 dag suszonych grzyb\u00f3w, 2 cebule, 2 \u0142y\u017cki smalcu lub mas\u0142a, s\u00f3l, pieprz do smaku. Do sma\u017cenia nale\u015bnik\u00f3w: 2 \u0142y\u017cki oleju i 2 \u0142y\u017cki mas\u0142a.\u00a0 1. Grzyby umy\u0107, namoczy\u0107 na kilka godzin i ugotowa\u0107 w tej samej wodzie. 2. Na wywarze (mo\u017cna dola\u0107 nieco wody) [&hellip;]<\/p>\n","protected":false},"author":2,"featured_media":0,"comment_status":"open","ping_status":"open","sticky":false,"template":"","format":"standard","meta":{"footnotes":""},"categories":[1],"tags":[],"_links":{"self":[{"href":"https:\/\/blog.polityka.pl\/adamczewski\/wp-json\/wp\/v2\/posts\/10033"}],"collection":[{"href":"https:\/\/blog.polityka.pl\/adamczewski\/wp-json\/wp\/v2\/posts"}],"about":[{"href":"https:\/\/blog.polityka.pl\/adamczewski\/wp-json\/wp\/v2\/types\/post"}],"author":[{"embeddable":true,"href":"https:\/\/blog.polityka.pl\/adamczewski\/wp-json\/wp\/v2\/users\/2"}],"replies":[{"embeddable":true,"href":"https:\/\/blog.polityka.pl\/adamczewski\/wp-json\/wp\/v2\/comments?post=10033"}],"version-history":[{"count":0,"href":"https:\/\/blog.polityka.pl\/adamczewski\/wp-json\/wp\/v2\/posts\/10033\/revisions"}],"wp:attachment":[{"href":"https:\/\/blog.polityka.pl\/adamczewski\/wp-json\/wp\/v2\/media?parent=10033"}],"wp:term":[{"taxonomy":"category","embeddable":true,"href":"https:\/\/blog.polityka.pl\/adamczewski\/wp-json\/wp\/v2\/categories?post=10033"},{"taxonomy":"post_tag","embeddable":true,"href":"https:\/\/blog.polityka.pl\/adamczewski\/wp-json\/wp\/v2\/tags?post=10033"}],"curies":[{"name":"wp","href":"https:\/\/api.w.org\/{rel}","templated":true}]}}