
{"id":10034,"date":"2008-11-03T06:20:38","date_gmt":"2008-11-03T05:20:38","guid":{"rendered":"http:\/\/adamczewscy.pl\/?p=2193"},"modified":"2008-11-03T06:20:38","modified_gmt":"2008-11-03T05:20:38","slug":"klops-w-smietanie","status":"publish","type":"post","link":"https:\/\/blog.polityka.pl\/adamczewski\/2008\/11\/03\/klops-w-smietanie\/","title":{"rendered":"Klops w \u015bmietanie"},"content":{"rendered":"<p><em>50 dag mielonego mi\u0119sa wieprzowego lub mieszanego &#8211; wo\u0142owo-wieprzowego, jajko, czerstwa bu\u0142ka, p\u00f3\u0142 szklanki mleka, s\u00f3l, pieprz, 2 \u0142y\u017cki posiekanego koperku, p\u00f3\u0142 szklanki \u015bmietany, p\u00f3\u0142 \u0142y\u017ceczki m\u0105ki.\u00a0<\/em><\/p>\n<p>1. Namoczy\u0107 bu\u0142k\u0119 w mleku, odcisn\u0105\u0107, rozdrobni\u0107 przy pomocy widelca i doda\u0107 do mielonego mi\u0119sa wraz z jajkiem, sol\u0105, pieprzem i siekanym koperkiem. Dok\u0142adnie wyrobi\u0107 mas\u0119.<br \/>\n2. Uformowa\u0107 na zwil\u017conej woda desce r\u00f3wny wa\u0142ek, owin\u0105\u0107 go pergaminem lub foli\u0105 aluminiow\u0105 i wstawi\u0107 do piekarnika na 35 minut.<br \/>\n3. Upieczony klops odwin\u0105\u0107 z pergaminu lub folii, zala\u0107 wymieszan\u0105 z m\u0105k\u0105 \u015bmietan\u0105. Wstawi\u0107 na kilka minut do piekarnika, aby \u015bmietana si\u0119 zagotowa\u0142a.<\/p>\n","protected":false},"excerpt":{"rendered":"<p>50 dag mielonego mi\u0119sa wieprzowego lub mieszanego &#8211; wo\u0142owo-wieprzowego, jajko, czerstwa bu\u0142ka, p\u00f3\u0142 szklanki mleka, s\u00f3l, pieprz, 2 \u0142y\u017cki posiekanego koperku, p\u00f3\u0142 szklanki \u015bmietany, p\u00f3\u0142 \u0142y\u017ceczki m\u0105ki.\u00a0 1. Namoczy\u0107 bu\u0142k\u0119 w mleku, odcisn\u0105\u0107, rozdrobni\u0107 przy pomocy widelca i doda\u0107 do mielonego mi\u0119sa wraz z jajkiem, sol\u0105, pieprzem i siekanym koperkiem. Dok\u0142adnie wyrobi\u0107 mas\u0119. 2. Uformowa\u0107 [&hellip;]<\/p>\n","protected":false},"author":2,"featured_media":0,"comment_status":"open","ping_status":"open","sticky":false,"template":"","format":"standard","meta":{"footnotes":""},"categories":[1],"tags":[],"_links":{"self":[{"href":"https:\/\/blog.polityka.pl\/adamczewski\/wp-json\/wp\/v2\/posts\/10034"}],"collection":[{"href":"https:\/\/blog.polityka.pl\/adamczewski\/wp-json\/wp\/v2\/posts"}],"about":[{"href":"https:\/\/blog.polityka.pl\/adamczewski\/wp-json\/wp\/v2\/types\/post"}],"author":[{"embeddable":true,"href":"https:\/\/blog.polityka.pl\/adamczewski\/wp-json\/wp\/v2\/users\/2"}],"replies":[{"embeddable":true,"href":"https:\/\/blog.polityka.pl\/adamczewski\/wp-json\/wp\/v2\/comments?post=10034"}],"version-history":[{"count":0,"href":"https:\/\/blog.polityka.pl\/adamczewski\/wp-json\/wp\/v2\/posts\/10034\/revisions"}],"wp:attachment":[{"href":"https:\/\/blog.polityka.pl\/adamczewski\/wp-json\/wp\/v2\/media?parent=10034"}],"wp:term":[{"taxonomy":"category","embeddable":true,"href":"https:\/\/blog.polityka.pl\/adamczewski\/wp-json\/wp\/v2\/categories?post=10034"},{"taxonomy":"post_tag","embeddable":true,"href":"https:\/\/blog.polityka.pl\/adamczewski\/wp-json\/wp\/v2\/tags?post=10034"}],"curies":[{"name":"wp","href":"https:\/\/api.w.org\/{rel}","templated":true}]}}