
{"id":10035,"date":"2008-11-03T06:21:11","date_gmt":"2008-11-03T05:21:11","guid":{"rendered":"http:\/\/adamczewscy.pl\/?p=2194"},"modified":"2008-11-03T06:21:11","modified_gmt":"2008-11-03T05:21:11","slug":"gulasz-z-zielona-fasolka","status":"publish","type":"post","link":"https:\/\/blog.polityka.pl\/adamczewski\/2008\/11\/03\/gulasz-z-zielona-fasolka\/","title":{"rendered":"Gulasz z zielon\u0105 fasolk\u0105"},"content":{"rendered":"<p><em>50 dag mi\u0119sa wieprzowego, cebula, 2 \u0142y\u017cki oleju, p\u00f3l puszki krojonych pomidor\u00f3w w soku, spora szczypta papryki, \u0142y\u017cka m\u0105ki, puszka zielonej szparagowej fasoli konserwowej, s\u00f3l.\u00a0<\/em><\/p>\n<p>1. Mi\u0119so pokroi\u0107 w kostk\u0119 wielko\u015bci po\u0142owy pude\u0142ka zapa\u0142ek, posypa\u0107 m\u0105k\u0105 i obrumieni\u0107 na oleju.<br \/>\n2. Mi\u0119so w\u0142o\u017cy\u0107 do garnka wraz z posiekan\u0105 jak najdrobniej cebul\u0105, doda\u0107 p\u00f3\u0142 szklanki wody i dusi\u0107 15 minut pod pokryw\u0105.<br \/>\n3. Do mi\u0119sa doda\u0107 pomidory, s\u00f3l i papryk\u0119 do smaku.<br \/>\n4. Odcedzi\u0107 fasolk\u0119 z zalewy i doda\u0107 j\u0105 do dusz\u0105cego si\u0119 mi\u0119sa. Wszystko razem dusi\u0107 15 minut.<\/p>\n<p>Gulasz ten  najlepszy jest z dodatkiem k\u0142adzionych klusek lub ziemniak\u00f3w puree.<\/p>\n","protected":false},"excerpt":{"rendered":"<p>50 dag mi\u0119sa wieprzowego, cebula, 2 \u0142y\u017cki oleju, p\u00f3l puszki krojonych pomidor\u00f3w w soku, spora szczypta papryki, \u0142y\u017cka m\u0105ki, puszka zielonej szparagowej fasoli konserwowej, s\u00f3l.\u00a0 1. Mi\u0119so pokroi\u0107 w kostk\u0119 wielko\u015bci po\u0142owy pude\u0142ka zapa\u0142ek, posypa\u0107 m\u0105k\u0105 i obrumieni\u0107 na oleju. 2. Mi\u0119so w\u0142o\u017cy\u0107 do garnka wraz z posiekan\u0105 jak najdrobniej cebul\u0105, doda\u0107 p\u00f3\u0142 szklanki wody [&hellip;]<\/p>\n","protected":false},"author":2,"featured_media":0,"comment_status":"open","ping_status":"open","sticky":false,"template":"","format":"standard","meta":{"footnotes":""},"categories":[1],"tags":[],"_links":{"self":[{"href":"https:\/\/blog.polityka.pl\/adamczewski\/wp-json\/wp\/v2\/posts\/10035"}],"collection":[{"href":"https:\/\/blog.polityka.pl\/adamczewski\/wp-json\/wp\/v2\/posts"}],"about":[{"href":"https:\/\/blog.polityka.pl\/adamczewski\/wp-json\/wp\/v2\/types\/post"}],"author":[{"embeddable":true,"href":"https:\/\/blog.polityka.pl\/adamczewski\/wp-json\/wp\/v2\/users\/2"}],"replies":[{"embeddable":true,"href":"https:\/\/blog.polityka.pl\/adamczewski\/wp-json\/wp\/v2\/comments?post=10035"}],"version-history":[{"count":0,"href":"https:\/\/blog.polityka.pl\/adamczewski\/wp-json\/wp\/v2\/posts\/10035\/revisions"}],"wp:attachment":[{"href":"https:\/\/blog.polityka.pl\/adamczewski\/wp-json\/wp\/v2\/media?parent=10035"}],"wp:term":[{"taxonomy":"category","embeddable":true,"href":"https:\/\/blog.polityka.pl\/adamczewski\/wp-json\/wp\/v2\/categories?post=10035"},{"taxonomy":"post_tag","embeddable":true,"href":"https:\/\/blog.polityka.pl\/adamczewski\/wp-json\/wp\/v2\/tags?post=10035"}],"curies":[{"name":"wp","href":"https:\/\/api.w.org\/{rel}","templated":true}]}}