
{"id":10036,"date":"2008-11-10T07:19:34","date_gmt":"2008-11-10T06:19:34","guid":{"rendered":"http:\/\/adamczewscy.pl\/?p=2197"},"modified":"2008-11-10T07:19:34","modified_gmt":"2008-11-10T06:19:34","slug":"zapiekane-ziemniaki-z-boczkiem","status":"publish","type":"post","link":"https:\/\/blog.polityka.pl\/adamczewski\/2008\/11\/10\/zapiekane-ziemniaki-z-boczkiem\/","title":{"rendered":"Zapiekane ziemniaki z boczkiem"},"content":{"rendered":"<p><em>1 kg ziemniak\u00f3w, p\u00f3\u0142 szklanki \u015bmietanki, p\u00f3\u0142 szklanki mleka, 4 \u0142y\u017cki mas\u0142a, s\u00f3l, szczypta mielonej ga\u0142ki muszkato\u0142owej, p\u00f3\u0142 szklanki drobno pokrojonego w\u0119dzonego boczku.\u00a0<\/em><\/p>\n<p>1. Ziemniaki obra\u0107, ugotowa\u0107. Lekko ostudzone lecz jeszcze ciep\u0142e rozdrobni\u0107 w prasce do ziemniak\u00f3w lub zmieli\u0107 w maszynce, doda\u0107 mas\u0142o, mleko i \u015bmietan\u0119, ga\u0142k\u0119 muszkato\u0142ow\u0105.<br \/>\n2. Boczek podsma\u017cy\u0107 lekko i doda\u0107 do masy. Wymiesza\u0107.<br \/>\n3. Naczynie do zapiekania wysmarowa\u0107, u\u0142o\u017cy\u0107 mas\u0119 ziemniaczan\u0105, wyr\u00f3wna\u0107 wierzch.<br \/>\n4. Zapieka\u0107 w piekarniku o temperaturze 200 st C, a\u017c potrawa lekko zacznie si\u0119 rumieni\u0107 z wierzchu, to znaczy oko\u0142o 25 minut.<\/p>\n","protected":false},"excerpt":{"rendered":"<p>1 kg ziemniak\u00f3w, p\u00f3\u0142 szklanki \u015bmietanki, p\u00f3\u0142 szklanki mleka, 4 \u0142y\u017cki mas\u0142a, s\u00f3l, szczypta mielonej ga\u0142ki muszkato\u0142owej, p\u00f3\u0142 szklanki drobno pokrojonego w\u0119dzonego boczku.\u00a0 1. Ziemniaki obra\u0107, ugotowa\u0107. Lekko ostudzone lecz jeszcze ciep\u0142e rozdrobni\u0107 w prasce do ziemniak\u00f3w lub zmieli\u0107 w maszynce, doda\u0107 mas\u0142o, mleko i \u015bmietan\u0119, ga\u0142k\u0119 muszkato\u0142ow\u0105. 2. Boczek podsma\u017cy\u0107 lekko i doda\u0107 do [&hellip;]<\/p>\n","protected":false},"author":2,"featured_media":0,"comment_status":"open","ping_status":"open","sticky":false,"template":"","format":"standard","meta":{"footnotes":""},"categories":[1],"tags":[],"_links":{"self":[{"href":"https:\/\/blog.polityka.pl\/adamczewski\/wp-json\/wp\/v2\/posts\/10036"}],"collection":[{"href":"https:\/\/blog.polityka.pl\/adamczewski\/wp-json\/wp\/v2\/posts"}],"about":[{"href":"https:\/\/blog.polityka.pl\/adamczewski\/wp-json\/wp\/v2\/types\/post"}],"author":[{"embeddable":true,"href":"https:\/\/blog.polityka.pl\/adamczewski\/wp-json\/wp\/v2\/users\/2"}],"replies":[{"embeddable":true,"href":"https:\/\/blog.polityka.pl\/adamczewski\/wp-json\/wp\/v2\/comments?post=10036"}],"version-history":[{"count":0,"href":"https:\/\/blog.polityka.pl\/adamczewski\/wp-json\/wp\/v2\/posts\/10036\/revisions"}],"wp:attachment":[{"href":"https:\/\/blog.polityka.pl\/adamczewski\/wp-json\/wp\/v2\/media?parent=10036"}],"wp:term":[{"taxonomy":"category","embeddable":true,"href":"https:\/\/blog.polityka.pl\/adamczewski\/wp-json\/wp\/v2\/categories?post=10036"},{"taxonomy":"post_tag","embeddable":true,"href":"https:\/\/blog.polityka.pl\/adamczewski\/wp-json\/wp\/v2\/tags?post=10036"}],"curies":[{"name":"wp","href":"https:\/\/api.w.org\/{rel}","templated":true}]}}