
{"id":10038,"date":"2008-11-10T07:20:46","date_gmt":"2008-11-10T06:20:46","guid":{"rendered":"http:\/\/adamczewscy.pl\/?p=2199"},"modified":"2008-11-10T07:20:46","modified_gmt":"2008-11-10T06:20:46","slug":"placek-ze-sliwkami-2","status":"publish","type":"post","link":"https:\/\/blog.polityka.pl\/adamczewski\/2008\/11\/10\/placek-ze-sliwkami-2\/","title":{"rendered":"Placek ze \u015bliwkami"},"content":{"rendered":"<p><em>Szklanka i 3\/4 szklanki m\u0105ki, kostka mas\u0142a, 3 \u017c\u00f3\u0142tka i ca\u0142e jajko, \u0142y\u017cka g\u0119stej \u015bmietany, 1 dag dro\u017cd\u017cy, ok. kilograma w\u0119gierek ( mog\u0105 by\u0107 mro\u017cone, kt\u00f3re nale\u017cy rozmrozi\u0107 i pozostawi\u0107 na durszlaku, aby obciek\u0142y). Do posmarowania blachy: \u0142y\u017cka mas\u0142a. Do posypania: cukier puder.\u00a0<\/em><\/p>\n<p>1. Poprzedniego dnia przygotowa\u0107 ciasto: m\u0105k\u0119, pokruszone dro\u017cd\u017ce i mas\u0142o posieka\u0107, doda\u0107 \u017c\u00f3\u0142tka i jajko oraz \u015bmietan\u0119. Zagnie\u015b\u0107 ciasto najpierw przy pomocy no\u017ca a na koniec zlepiaj\u0105c je d\u0142o\u0144mi. Zawin\u0105\u0107 w foli\u0119 do \u017cywno\u015bci i w\u0142o\u017cy\u0107 do lod\u00f3wki.<br \/>\n2. Nast\u0119pnego dnia lub co najmniej po 10 godzinach ciasto rozwa\u0142kowa\u0107, wy\u0142o\u017cy\u0107 nim posmarowan\u0105 mas\u0142em blaszk\u0119 wielko\u015bci 30X40 cm, a na wierzchu u\u0142o\u017cy\u0107 \u015bliwki przekrojon\u0105 stron\u0105 do g\u00f3ry.<br \/>\n3. Piec w temperaturze 180 st C a\u017c ciasto si\u0119 lekko zrumieni.<br \/>\n4. Wystawiony z piekarnika placek posypa\u0107 cukrem pudrem do\u015b\u0107 obficie, poniewa\u017c ciasto nie zawiera cukru.<\/p>\n","protected":false},"excerpt":{"rendered":"<p>Szklanka i 3\/4 szklanki m\u0105ki, kostka mas\u0142a, 3 \u017c\u00f3\u0142tka i ca\u0142e jajko, \u0142y\u017cka g\u0119stej \u015bmietany, 1 dag dro\u017cd\u017cy, ok. kilograma w\u0119gierek ( mog\u0105 by\u0107 mro\u017cone, kt\u00f3re nale\u017cy rozmrozi\u0107 i pozostawi\u0107 na durszlaku, aby obciek\u0142y). Do posmarowania blachy: \u0142y\u017cka mas\u0142a. Do posypania: cukier puder.\u00a0 1. Poprzedniego dnia przygotowa\u0107 ciasto: m\u0105k\u0119, pokruszone dro\u017cd\u017ce i mas\u0142o posieka\u0107, doda\u0107 [&hellip;]<\/p>\n","protected":false},"author":2,"featured_media":0,"comment_status":"open","ping_status":"open","sticky":false,"template":"","format":"standard","meta":{"footnotes":""},"categories":[1],"tags":[],"_links":{"self":[{"href":"https:\/\/blog.polityka.pl\/adamczewski\/wp-json\/wp\/v2\/posts\/10038"}],"collection":[{"href":"https:\/\/blog.polityka.pl\/adamczewski\/wp-json\/wp\/v2\/posts"}],"about":[{"href":"https:\/\/blog.polityka.pl\/adamczewski\/wp-json\/wp\/v2\/types\/post"}],"author":[{"embeddable":true,"href":"https:\/\/blog.polityka.pl\/adamczewski\/wp-json\/wp\/v2\/users\/2"}],"replies":[{"embeddable":true,"href":"https:\/\/blog.polityka.pl\/adamczewski\/wp-json\/wp\/v2\/comments?post=10038"}],"version-history":[{"count":0,"href":"https:\/\/blog.polityka.pl\/adamczewski\/wp-json\/wp\/v2\/posts\/10038\/revisions"}],"wp:attachment":[{"href":"https:\/\/blog.polityka.pl\/adamczewski\/wp-json\/wp\/v2\/media?parent=10038"}],"wp:term":[{"taxonomy":"category","embeddable":true,"href":"https:\/\/blog.polityka.pl\/adamczewski\/wp-json\/wp\/v2\/categories?post=10038"},{"taxonomy":"post_tag","embeddable":true,"href":"https:\/\/blog.polityka.pl\/adamczewski\/wp-json\/wp\/v2\/tags?post=10038"}],"curies":[{"name":"wp","href":"https:\/\/api.w.org\/{rel}","templated":true}]}}