
{"id":10039,"date":"2008-11-10T07:21:18","date_gmt":"2008-11-10T06:21:18","guid":{"rendered":"http:\/\/adamczewscy.pl\/?p=2200"},"modified":"2008-11-10T07:21:18","modified_gmt":"2008-11-10T06:21:18","slug":"brukselka-w-sosie-koperkowym","status":"publish","type":"post","link":"https:\/\/blog.polityka.pl\/adamczewski\/2008\/11\/10\/brukselka-w-sosie-koperkowym\/","title":{"rendered":"Brukselka w sosie koperkowym"},"content":{"rendered":"<p><em>60 dag brukselki, 2 \u0142y\u017cki mas\u0142a, 2 \u0142y\u017cki m\u0105ki, szklanka mleka, 2 \u0142y\u017cki posiekanego koperku, s\u00f3l, \u0142y\u017ceczka cukru.\u00a0<\/em><\/p>\n<p>1. Brukselk\u0119 oczy\u015bci\u0107 z uszkodzonych li\u015bci, ugotowa\u0107 w os\u0142odzonej \u0142y\u017ceczk\u0105 cukru i posolonej wodzie. Mi\u0119kk\u0105 wyj\u0105\u0107 \u0142y\u017ck\u0105 cedzakow\u0105 na salaterk\u0119. Trzyma\u0107 w cieple.<br \/>\n2. Przygotowa\u0107 sos: rozpu\u015bci\u0107 mas\u0142o, doda\u0107 m\u0105k\u0119, kiedy zasma\u017cka spieni si\u0119 i zbieleje wla\u0107 mleko energicznie mieszaj\u0105c.<br \/>\n3. Do lekko g\u0119stniej\u0105cego sosu doda\u0107 koper, gotowa\u0107 kilka sekund i pola\u0107 sosem brukselk\u0119.<\/p>\n","protected":false},"excerpt":{"rendered":"<p>60 dag brukselki, 2 \u0142y\u017cki mas\u0142a, 2 \u0142y\u017cki m\u0105ki, szklanka mleka, 2 \u0142y\u017cki posiekanego koperku, s\u00f3l, \u0142y\u017ceczka cukru.\u00a0 1. Brukselk\u0119 oczy\u015bci\u0107 z uszkodzonych li\u015bci, ugotowa\u0107 w os\u0142odzonej \u0142y\u017ceczk\u0105 cukru i posolonej wodzie. Mi\u0119kk\u0105 wyj\u0105\u0107 \u0142y\u017ck\u0105 cedzakow\u0105 na salaterk\u0119. Trzyma\u0107 w cieple. 2. Przygotowa\u0107 sos: rozpu\u015bci\u0107 mas\u0142o, doda\u0107 m\u0105k\u0119, kiedy zasma\u017cka spieni si\u0119 i zbieleje wla\u0107 [&hellip;]<\/p>\n","protected":false},"author":2,"featured_media":0,"comment_status":"open","ping_status":"open","sticky":false,"template":"","format":"standard","meta":{"footnotes":""},"categories":[1],"tags":[],"_links":{"self":[{"href":"https:\/\/blog.polityka.pl\/adamczewski\/wp-json\/wp\/v2\/posts\/10039"}],"collection":[{"href":"https:\/\/blog.polityka.pl\/adamczewski\/wp-json\/wp\/v2\/posts"}],"about":[{"href":"https:\/\/blog.polityka.pl\/adamczewski\/wp-json\/wp\/v2\/types\/post"}],"author":[{"embeddable":true,"href":"https:\/\/blog.polityka.pl\/adamczewski\/wp-json\/wp\/v2\/users\/2"}],"replies":[{"embeddable":true,"href":"https:\/\/blog.polityka.pl\/adamczewski\/wp-json\/wp\/v2\/comments?post=10039"}],"version-history":[{"count":0,"href":"https:\/\/blog.polityka.pl\/adamczewski\/wp-json\/wp\/v2\/posts\/10039\/revisions"}],"wp:attachment":[{"href":"https:\/\/blog.polityka.pl\/adamczewski\/wp-json\/wp\/v2\/media?parent=10039"}],"wp:term":[{"taxonomy":"category","embeddable":true,"href":"https:\/\/blog.polityka.pl\/adamczewski\/wp-json\/wp\/v2\/categories?post=10039"},{"taxonomy":"post_tag","embeddable":true,"href":"https:\/\/blog.polityka.pl\/adamczewski\/wp-json\/wp\/v2\/tags?post=10039"}],"curies":[{"name":"wp","href":"https:\/\/api.w.org\/{rel}","templated":true}]}}