
{"id":10040,"date":"2008-11-10T07:23:22","date_gmt":"2008-11-10T06:23:22","guid":{"rendered":"http:\/\/adamczewscy.pl\/?p=2202"},"modified":"2008-11-10T07:23:22","modified_gmt":"2008-11-10T06:23:22","slug":"niezwykla-zapiekanka","status":"publish","type":"post","link":"https:\/\/blog.polityka.pl\/adamczewski\/2008\/11\/10\/niezwykla-zapiekanka\/","title":{"rendered":"Niezwyk\u0142a zapiekanka"},"content":{"rendered":"<p><em>Ma\u0142y, p\u00f3\u0142kilogramowy bochenek chleba (mo\u017ce by\u0107 okr\u0105g\u0142y lub pod\u0142u\u017cny, najlepiej z formy), 2 jaja, str\u0105k czerwonej s\u0142odkiej papryki, 25 dag startego sera gouda, 4 (lub wi\u0119cej) \u0142y\u017cek mleka, 3 cebulki szalotki, s\u00f3l, pieprz, 3 \u0142y\u017cki mas\u0142a, \u0107wier\u0107 \u0142y\u017ceczki mielonej ostrej papryki, \u0142y\u017ceczka octu winnego, \u0142y\u017cka oliwy, \u0142y\u017cka sosu sojowego, po szczypcie soli, pieprzu i mielonego imbiru, jeden filet anchois os\u0105czony z oliwy, z\u0105bek czosnku.\u00a0<\/em><\/p>\n<p>1. Przygotowa\u0107 chleb: odkroi\u0107 na kilka centymetr\u00f3w od wierzchu ?czapeczk\u0119? z bochenka, usun\u0105\u0107 mi\u0105\u017csz pozostawiaj\u0105c jak najcie\u0144sz\u0105 sk\u00f3rk\u0119. Mi\u0105\u017csz pozostawi\u0107.<br \/>\n2. Pokroi\u0107 bardzo drobno szalotki i papryk\u0119.<br \/>\n3. Filet anchois rozetrze\u0107 widelcem lub \u0142y\u017ck\u0105.<br \/>\n4. Rozgrza\u0107 mas\u0142o na patelni, doda\u0107 pokrojone szalotki, papryk\u0119, chwile dusi\u0107, po czym doda\u0107 tak\u017ce roztarty filet anchois oraz starty ser i trzy czwarte pokruszonego mi\u0105\u017cszu chleba, przeci\u015bni\u0119ty przez prask\u0119 czosnek, s\u00f3l, mielon\u0105 ostr\u0105 papryk\u0119. Doda\u0107 jaja, wymiesza\u0107 doprawi\u0107 octem winnym, cukrem,  sosem sojowym i imbirem.<br \/>\n5. Farszem nape\u0142ni\u0107 chleb. Przykry\u0107 ?czapeczk\u0105?.<br \/>\n6. Nagrza\u0107 piekarnik do temperatury 225 st C i piec w nim chlebek 20 minut.<\/p>\n","protected":false},"excerpt":{"rendered":"<p>Ma\u0142y, p\u00f3\u0142kilogramowy bochenek chleba (mo\u017ce by\u0107 okr\u0105g\u0142y lub pod\u0142u\u017cny, najlepiej z formy), 2 jaja, str\u0105k czerwonej s\u0142odkiej papryki, 25 dag startego sera gouda, 4 (lub wi\u0119cej) \u0142y\u017cek mleka, 3 cebulki szalotki, s\u00f3l, pieprz, 3 \u0142y\u017cki mas\u0142a, \u0107wier\u0107 \u0142y\u017ceczki mielonej ostrej papryki, \u0142y\u017ceczka octu winnego, \u0142y\u017cka oliwy, \u0142y\u017cka sosu sojowego, po szczypcie soli, pieprzu i mielonego [&hellip;]<\/p>\n","protected":false},"author":2,"featured_media":0,"comment_status":"open","ping_status":"open","sticky":false,"template":"","format":"standard","meta":{"footnotes":""},"categories":[1],"tags":[],"_links":{"self":[{"href":"https:\/\/blog.polityka.pl\/adamczewski\/wp-json\/wp\/v2\/posts\/10040"}],"collection":[{"href":"https:\/\/blog.polityka.pl\/adamczewski\/wp-json\/wp\/v2\/posts"}],"about":[{"href":"https:\/\/blog.polityka.pl\/adamczewski\/wp-json\/wp\/v2\/types\/post"}],"author":[{"embeddable":true,"href":"https:\/\/blog.polityka.pl\/adamczewski\/wp-json\/wp\/v2\/users\/2"}],"replies":[{"embeddable":true,"href":"https:\/\/blog.polityka.pl\/adamczewski\/wp-json\/wp\/v2\/comments?post=10040"}],"version-history":[{"count":0,"href":"https:\/\/blog.polityka.pl\/adamczewski\/wp-json\/wp\/v2\/posts\/10040\/revisions"}],"wp:attachment":[{"href":"https:\/\/blog.polityka.pl\/adamczewski\/wp-json\/wp\/v2\/media?parent=10040"}],"wp:term":[{"taxonomy":"category","embeddable":true,"href":"https:\/\/blog.polityka.pl\/adamczewski\/wp-json\/wp\/v2\/categories?post=10040"},{"taxonomy":"post_tag","embeddable":true,"href":"https:\/\/blog.polityka.pl\/adamczewski\/wp-json\/wp\/v2\/tags?post=10040"}],"curies":[{"name":"wp","href":"https:\/\/api.w.org\/{rel}","templated":true}]}}