
{"id":10042,"date":"2008-11-10T07:37:12","date_gmt":"2008-11-10T06:37:12","guid":{"rendered":"http:\/\/adamczewscy.pl\/?p=2205"},"modified":"2008-11-10T07:37:12","modified_gmt":"2008-11-10T06:37:12","slug":"marynowane-cebulki","status":"publish","type":"post","link":"https:\/\/blog.polityka.pl\/adamczewski\/2008\/11\/10\/marynowane-cebulki\/","title":{"rendered":"Marynowane cebulki"},"content":{"rendered":"<p><em>1 kg drobnych cebul, 2 szklanki wody, p\u00f3\u0142 \u0142y\u017ceczki soli, \u0142y\u017cka cukru, \u0142y\u017cka kwasku cytrynowego.<br \/>\nDo ka\u017cdego s\u0142oika po kilka ziaren pieprzu, ziela angielskiego i po kawa\u0142ku li\u015bcia laurowego oraz po jednym go\u017adziku.\u00a0<\/em><\/p>\n<p>1. Cebul\u0119, kt\u00f3ra powinna by\u0107 nie wi\u0119ksza ni\u017c dymka, obra\u0107.<br \/>\n2. Gotowa\u0107 cebul\u0119 we wrz\u0105cej wodzie 4 minuty, po czym przep\u0142uka\u0107 zimn\u0105 wod\u0105. Pouk\u0142ada\u0107 w przygotowanych uprzednio s\u0142oikach, czyli wyparzonych i wyp\u0142ukanych spirytusem. Do ka\u017cdego s\u0142oika wrzuci\u0107 wymienione wy\u017cej przyprawy.<br \/>\n3. Zagotowa\u0107 w 2 szklankach wody kwas cytrynowy,  doda\u0107 cukier i s\u00f3l. Gor\u0105c\u0105 marynat\u0105 zala\u0107 w s\u0142oikach u\u0142o\u017con\u0105 cebul\u0119.<br \/>\n4. Wstawi\u0107 s\u0142oiki do garnka z ciep\u0142\u0105 wod\u0105, kt\u00f3ra powinna si\u0119ga\u0107 powy\u017cej po\u0142owy s\u0142oik\u00f3w. Pasteryzowa\u0107 25 minut.<\/p>\n","protected":false},"excerpt":{"rendered":"<p>1 kg drobnych cebul, 2 szklanki wody, p\u00f3\u0142 \u0142y\u017ceczki soli, \u0142y\u017cka cukru, \u0142y\u017cka kwasku cytrynowego. Do ka\u017cdego s\u0142oika po kilka ziaren pieprzu, ziela angielskiego i po kawa\u0142ku li\u015bcia laurowego oraz po jednym go\u017adziku.\u00a0 1. Cebul\u0119, kt\u00f3ra powinna by\u0107 nie wi\u0119ksza ni\u017c dymka, obra\u0107. 2. Gotowa\u0107 cebul\u0119 we wrz\u0105cej wodzie 4 minuty, po czym przep\u0142uka\u0107 zimn\u0105 [&hellip;]<\/p>\n","protected":false},"author":2,"featured_media":0,"comment_status":"open","ping_status":"open","sticky":false,"template":"","format":"standard","meta":{"footnotes":""},"categories":[1],"tags":[],"_links":{"self":[{"href":"https:\/\/blog.polityka.pl\/adamczewski\/wp-json\/wp\/v2\/posts\/10042"}],"collection":[{"href":"https:\/\/blog.polityka.pl\/adamczewski\/wp-json\/wp\/v2\/posts"}],"about":[{"href":"https:\/\/blog.polityka.pl\/adamczewski\/wp-json\/wp\/v2\/types\/post"}],"author":[{"embeddable":true,"href":"https:\/\/blog.polityka.pl\/adamczewski\/wp-json\/wp\/v2\/users\/2"}],"replies":[{"embeddable":true,"href":"https:\/\/blog.polityka.pl\/adamczewski\/wp-json\/wp\/v2\/comments?post=10042"}],"version-history":[{"count":0,"href":"https:\/\/blog.polityka.pl\/adamczewski\/wp-json\/wp\/v2\/posts\/10042\/revisions"}],"wp:attachment":[{"href":"https:\/\/blog.polityka.pl\/adamczewski\/wp-json\/wp\/v2\/media?parent=10042"}],"wp:term":[{"taxonomy":"category","embeddable":true,"href":"https:\/\/blog.polityka.pl\/adamczewski\/wp-json\/wp\/v2\/categories?post=10042"},{"taxonomy":"post_tag","embeddable":true,"href":"https:\/\/blog.polityka.pl\/adamczewski\/wp-json\/wp\/v2\/tags?post=10042"}],"curies":[{"name":"wp","href":"https:\/\/api.w.org\/{rel}","templated":true}]}}