
{"id":10044,"date":"2008-11-10T07:38:16","date_gmt":"2008-11-10T06:38:16","guid":{"rendered":"http:\/\/adamczewscy.pl\/?p=2207"},"modified":"2008-11-10T07:38:16","modified_gmt":"2008-11-10T06:38:16","slug":"marmoladki-pana-krzysztofa","status":"publish","type":"post","link":"https:\/\/blog.polityka.pl\/adamczewski\/2008\/11\/10\/marmoladki-pana-krzysztofa\/","title":{"rendered":"Marmoladki Pana Krzysztofa"},"content":{"rendered":"<p><em>1 kg pigwy, cukier (jego ilo\u015b\u0107 jest zale\u017cna od ilo\u015bci przecieru, co najmniej 1 kg) sok z 1 cytryny, jako dodatek posiekane migda\u0142y lub orzeszki pistacjowe.\u00a0<\/em><\/p>\n<p>1. Ca\u0142e owoce pigwy (du\u017ce, w kszta\u0142cie gruszek) upiec w nagrzanym do 150 st C piekarniku do mi\u0119kko\u015bci. Trwa to oko\u0142o 2 godzin. Ostudzi\u0107.<br \/>\n2. Upieczone pigwy obra\u0107 ze sk\u00f3rki, usun\u0105\u0107 gniazda nasienne i zmiksowa\u0107 mi\u0105\u017csz.<br \/>\n3. Do masy pigwowej doda\u0107 tyle cukru ile wa\u017cy, 3\/4 szklanki wody i sok cytrynowy. Na ma\u0142ym ogniu gotowa\u0107 godzin\u0119, a\u017c masa zg\u0119stnieje i zaczyna odstawa\u0107 od brzeg\u00f3w garnka.<br \/>\n4. Ugotowan\u0105 mas\u0119 wyla\u0107 na blaszk\u0119  wy\u0142o\u017con\u0105 papierem do wypiek\u00f3w i suszy\u0107 w piekarniku w temperaturze50 st C oko\u0142o 2 godzin.<br \/>\n5. Pokroi\u0107 mas\u0119 na ma\u0142e kawa\u0142ki. Ka\u017cdy obtoczy\u0107 w siekanych migda\u0142ach lub orzechach.<\/p>\n","protected":false},"excerpt":{"rendered":"<p>1 kg pigwy, cukier (jego ilo\u015b\u0107 jest zale\u017cna od ilo\u015bci przecieru, co najmniej 1 kg) sok z 1 cytryny, jako dodatek posiekane migda\u0142y lub orzeszki pistacjowe.\u00a0 1. Ca\u0142e owoce pigwy (du\u017ce, w kszta\u0142cie gruszek) upiec w nagrzanym do 150 st C piekarniku do mi\u0119kko\u015bci. Trwa to oko\u0142o 2 godzin. Ostudzi\u0107. 2. Upieczone pigwy obra\u0107 ze [&hellip;]<\/p>\n","protected":false},"author":2,"featured_media":0,"comment_status":"open","ping_status":"open","sticky":false,"template":"","format":"standard","meta":{"footnotes":""},"categories":[1],"tags":[],"_links":{"self":[{"href":"https:\/\/blog.polityka.pl\/adamczewski\/wp-json\/wp\/v2\/posts\/10044"}],"collection":[{"href":"https:\/\/blog.polityka.pl\/adamczewski\/wp-json\/wp\/v2\/posts"}],"about":[{"href":"https:\/\/blog.polityka.pl\/adamczewski\/wp-json\/wp\/v2\/types\/post"}],"author":[{"embeddable":true,"href":"https:\/\/blog.polityka.pl\/adamczewski\/wp-json\/wp\/v2\/users\/2"}],"replies":[{"embeddable":true,"href":"https:\/\/blog.polityka.pl\/adamczewski\/wp-json\/wp\/v2\/comments?post=10044"}],"version-history":[{"count":0,"href":"https:\/\/blog.polityka.pl\/adamczewski\/wp-json\/wp\/v2\/posts\/10044\/revisions"}],"wp:attachment":[{"href":"https:\/\/blog.polityka.pl\/adamczewski\/wp-json\/wp\/v2\/media?parent=10044"}],"wp:term":[{"taxonomy":"category","embeddable":true,"href":"https:\/\/blog.polityka.pl\/adamczewski\/wp-json\/wp\/v2\/categories?post=10044"},{"taxonomy":"post_tag","embeddable":true,"href":"https:\/\/blog.polityka.pl\/adamczewski\/wp-json\/wp\/v2\/tags?post=10044"}],"curies":[{"name":"wp","href":"https:\/\/api.w.org\/{rel}","templated":true}]}}