
{"id":10045,"date":"2008-11-10T07:38:45","date_gmt":"2008-11-10T06:38:45","guid":{"rendered":"http:\/\/adamczewscy.pl\/?p=2208"},"modified":"2008-11-10T07:38:45","modified_gmt":"2008-11-10T06:38:45","slug":"dynia-w-soku-zurawinowym","status":"publish","type":"post","link":"https:\/\/blog.polityka.pl\/adamczewski\/2008\/11\/10\/dynia-w-soku-zurawinowym\/","title":{"rendered":"Dynia w soku \u017curawinowym"},"content":{"rendered":"<p><em>1 kg dyni, 30 dag \u017curawin, cukier do smaku.\u00a0<\/em><\/p>\n<p>1. Dyni\u0119 obra\u0107 ze sk\u00f3rki, usun\u0105\u0107 pestki, pokroi\u0107 mi\u0105\u017csz w du\u017c\u0105 kostk\u0119.<br \/>\n2. Zagotowa\u0107 wod\u0119, lekko posoli\u0107, wk\u0142ada\u0107 dyni\u0119 do wody po niedu\u017cej porcji, w durszlaku lub metalowym sitku i gotowa\u0107 ka\u017cdorazowo kilka minut, uwa\u017caj\u0105c , aby nie zmi\u0119k\u0142a nadmiernie.<br \/>\n3. Ugotowane kostki uk\u0142ada\u0107 w wyparzonych i wyp\u0142ukanych \u0142y\u017ck\u0105 spirytusu s\u0142oikach.<br \/>\n4. \u017burawiny op\u0142uka\u0107 i zagotowa\u0107 dodaj\u0105c niepe\u0142n\u0105 szklank\u0119 wody. Zmiksowa\u0107, po czym przetrze\u0107 przez sito.<br \/>\n5. Gor\u0105cym przecierem zala\u0107 kostki dyni w s\u0142oikach, zakr\u0119ci\u0107 czystymi, wytartymi spirytusem zakr\u0119tkami. Wstawi\u0107 do garnka z wod\u0105, kt\u00f3ra powinna si\u0119ga\u0107 tu\u017c ponad po\u0142ow\u0119 wysoko\u015bci s\u0142oik\u00f3w.<br \/>\nGotowa\u0107 od zawrzenia wody 20 minut.<\/p>\n","protected":false},"excerpt":{"rendered":"<p>1 kg dyni, 30 dag \u017curawin, cukier do smaku.\u00a0 1. Dyni\u0119 obra\u0107 ze sk\u00f3rki, usun\u0105\u0107 pestki, pokroi\u0107 mi\u0105\u017csz w du\u017c\u0105 kostk\u0119. 2. Zagotowa\u0107 wod\u0119, lekko posoli\u0107, wk\u0142ada\u0107 dyni\u0119 do wody po niedu\u017cej porcji, w durszlaku lub metalowym sitku i gotowa\u0107 ka\u017cdorazowo kilka minut, uwa\u017caj\u0105c , aby nie zmi\u0119k\u0142a nadmiernie. 3. Ugotowane kostki uk\u0142ada\u0107 w wyparzonych [&hellip;]<\/p>\n","protected":false},"author":2,"featured_media":0,"comment_status":"open","ping_status":"open","sticky":false,"template":"","format":"standard","meta":{"footnotes":""},"categories":[1],"tags":[],"_links":{"self":[{"href":"https:\/\/blog.polityka.pl\/adamczewski\/wp-json\/wp\/v2\/posts\/10045"}],"collection":[{"href":"https:\/\/blog.polityka.pl\/adamczewski\/wp-json\/wp\/v2\/posts"}],"about":[{"href":"https:\/\/blog.polityka.pl\/adamczewski\/wp-json\/wp\/v2\/types\/post"}],"author":[{"embeddable":true,"href":"https:\/\/blog.polityka.pl\/adamczewski\/wp-json\/wp\/v2\/users\/2"}],"replies":[{"embeddable":true,"href":"https:\/\/blog.polityka.pl\/adamczewski\/wp-json\/wp\/v2\/comments?post=10045"}],"version-history":[{"count":0,"href":"https:\/\/blog.polityka.pl\/adamczewski\/wp-json\/wp\/v2\/posts\/10045\/revisions"}],"wp:attachment":[{"href":"https:\/\/blog.polityka.pl\/adamczewski\/wp-json\/wp\/v2\/media?parent=10045"}],"wp:term":[{"taxonomy":"category","embeddable":true,"href":"https:\/\/blog.polityka.pl\/adamczewski\/wp-json\/wp\/v2\/categories?post=10045"},{"taxonomy":"post_tag","embeddable":true,"href":"https:\/\/blog.polityka.pl\/adamczewski\/wp-json\/wp\/v2\/tags?post=10045"}],"curies":[{"name":"wp","href":"https:\/\/api.w.org\/{rel}","templated":true}]}}