
{"id":10046,"date":"2008-11-17T06:56:09","date_gmt":"2008-11-17T05:56:09","guid":{"rendered":"http:\/\/adamczewscy.pl\/?p=2209"},"modified":"2008-11-17T06:56:09","modified_gmt":"2008-11-17T05:56:09","slug":"zupa-ziemniaczana-z-zacierkami-i-mlekiem","status":"publish","type":"post","link":"https:\/\/blog.polityka.pl\/adamczewski\/2008\/11\/17\/zupa-ziemniaczana-z-zacierkami-i-mlekiem\/","title":{"rendered":"Zupa ziemniaczana z zacierkami i mlekiem"},"content":{"rendered":"<p><em>Na zacierki: p\u00f3\u0142 szklanki m\u0105ki, p\u00f3\u0142 jajka, s\u00f3l, woda.<br \/>\n<\/em><em>Na zup\u0119: 6 \u015brednich ziemniak\u00f3w, 4 szklanki mleka, s\u00f3l do smaku, 2 \u0142y\u017cki posiekanego koperku.\u00a0<\/em><br \/>\n1. Zagnie\u015b\u0107 m\u0105k\u0119 z po\u0142ow\u0105 jajka, dodaj\u0105c wody w miar\u0119 potrzeby. Ciasto powinno by\u0107 bardzo twarde. Utrze\u0107 ciasto na grubej jarzynowej tarce, roz\u0142o\u017cy\u0107 je na kilka minut na stolnicy lub czystej \u015bciereczce, aby lekko przesch\u0142y.<br \/>\n2. Zagotowa\u0107 2 lub 3 szklanki wody, posoli\u0107, wrzuci\u0107 zacierki, ugotowa\u0107, odcedzi\u0107.<br \/>\n3. Ziemniaki obra\u0107, pokroi\u0107 w kostk\u0119, ugotowa\u0107 w niewielkiej ilo\u015bci lekko osolonej wody.<br \/>\n4. Kiedy ziemniaki s\u0105 mi\u0119kkie po\u0142\u0105czy\u0107 je z ugotowanymi zacierkami, doda\u0107 gor\u0105ce mleko i doprawi\u0107 sol\u0105. Zagotowa\u0107. Posypa\u0107 siekanym koperkiem.<\/p>\n","protected":false},"excerpt":{"rendered":"<p>Na zacierki: p\u00f3\u0142 szklanki m\u0105ki, p\u00f3\u0142 jajka, s\u00f3l, woda. Na zup\u0119: 6 \u015brednich ziemniak\u00f3w, 4 szklanki mleka, s\u00f3l do smaku, 2 \u0142y\u017cki posiekanego koperku.\u00a0 1. Zagnie\u015b\u0107 m\u0105k\u0119 z po\u0142ow\u0105 jajka, dodaj\u0105c wody w miar\u0119 potrzeby. Ciasto powinno by\u0107 bardzo twarde. Utrze\u0107 ciasto na grubej jarzynowej tarce, roz\u0142o\u017cy\u0107 je na kilka minut na stolnicy lub czystej [&hellip;]<\/p>\n","protected":false},"author":2,"featured_media":0,"comment_status":"open","ping_status":"open","sticky":false,"template":"","format":"standard","meta":{"footnotes":""},"categories":[1],"tags":[],"_links":{"self":[{"href":"https:\/\/blog.polityka.pl\/adamczewski\/wp-json\/wp\/v2\/posts\/10046"}],"collection":[{"href":"https:\/\/blog.polityka.pl\/adamczewski\/wp-json\/wp\/v2\/posts"}],"about":[{"href":"https:\/\/blog.polityka.pl\/adamczewski\/wp-json\/wp\/v2\/types\/post"}],"author":[{"embeddable":true,"href":"https:\/\/blog.polityka.pl\/adamczewski\/wp-json\/wp\/v2\/users\/2"}],"replies":[{"embeddable":true,"href":"https:\/\/blog.polityka.pl\/adamczewski\/wp-json\/wp\/v2\/comments?post=10046"}],"version-history":[{"count":0,"href":"https:\/\/blog.polityka.pl\/adamczewski\/wp-json\/wp\/v2\/posts\/10046\/revisions"}],"wp:attachment":[{"href":"https:\/\/blog.polityka.pl\/adamczewski\/wp-json\/wp\/v2\/media?parent=10046"}],"wp:term":[{"taxonomy":"category","embeddable":true,"href":"https:\/\/blog.polityka.pl\/adamczewski\/wp-json\/wp\/v2\/categories?post=10046"},{"taxonomy":"post_tag","embeddable":true,"href":"https:\/\/blog.polityka.pl\/adamczewski\/wp-json\/wp\/v2\/tags?post=10046"}],"curies":[{"name":"wp","href":"https:\/\/api.w.org\/{rel}","templated":true}]}}