
{"id":10048,"date":"2008-11-17T06:57:22","date_gmt":"2008-11-17T05:57:22","guid":{"rendered":"http:\/\/adamczewscy.pl\/?p=2211"},"modified":"2008-11-17T06:57:22","modified_gmt":"2008-11-17T05:57:22","slug":"zupa-kalafiorowa-na-mleku","status":"publish","type":"post","link":"https:\/\/blog.polityka.pl\/adamczewski\/2008\/11\/17\/zupa-kalafiorowa-na-mleku\/","title":{"rendered":"Zupa kalafiorowa na mleku"},"content":{"rendered":"<p><em>4 szklanki mleka, 6 ziemniak\u00f3w, spory kalafior, \u0142y\u017cka mas\u0142a, s\u00f3l, cukier do smaku.<br \/>\nJako dodatek mo\u017cna ew. poda\u0107 kromki \u015bwie\u017cej lub podpieczonej w tosterze bu\u0142ki lub kluski.<\/em><\/p>\n<p>1. Kalafior umy\u0107 i podzieli\u0107 na cz\u0105stki, zala\u0107 niewielk\u0105 ilo\u015bci\u0105 wody i ugotowa\u0107 do mi\u0119kko\u015bci.<br \/>\n2. Ziemniaki obra\u0107, zala\u0107 niewielk\u0105 ilo\u015bci\u0105 wody, osoli\u0107 i ugotowa\u0107 do mi\u0119kko\u015bci.<br \/>\n3. Po\u0142\u0105czy\u0107 obie jarzyny, zmiksowa\u0107, dola\u0107 4 szklanki wrz\u0105cego mleka, doda\u0107 mas\u0142o, s\u00f3l i cukier do smaku, dok\u0142adnie wymiesza\u0107.<\/p>\n","protected":false},"excerpt":{"rendered":"<p>4 szklanki mleka, 6 ziemniak\u00f3w, spory kalafior, \u0142y\u017cka mas\u0142a, s\u00f3l, cukier do smaku. Jako dodatek mo\u017cna ew. poda\u0107 kromki \u015bwie\u017cej lub podpieczonej w tosterze bu\u0142ki lub kluski. 1. Kalafior umy\u0107 i podzieli\u0107 na cz\u0105stki, zala\u0107 niewielk\u0105 ilo\u015bci\u0105 wody i ugotowa\u0107 do mi\u0119kko\u015bci. 2. Ziemniaki obra\u0107, zala\u0107 niewielk\u0105 ilo\u015bci\u0105 wody, osoli\u0107 i ugotowa\u0107 do mi\u0119kko\u015bci. 3. [&hellip;]<\/p>\n","protected":false},"author":2,"featured_media":0,"comment_status":"open","ping_status":"open","sticky":false,"template":"","format":"standard","meta":{"footnotes":""},"categories":[1],"tags":[],"_links":{"self":[{"href":"https:\/\/blog.polityka.pl\/adamczewski\/wp-json\/wp\/v2\/posts\/10048"}],"collection":[{"href":"https:\/\/blog.polityka.pl\/adamczewski\/wp-json\/wp\/v2\/posts"}],"about":[{"href":"https:\/\/blog.polityka.pl\/adamczewski\/wp-json\/wp\/v2\/types\/post"}],"author":[{"embeddable":true,"href":"https:\/\/blog.polityka.pl\/adamczewski\/wp-json\/wp\/v2\/users\/2"}],"replies":[{"embeddable":true,"href":"https:\/\/blog.polityka.pl\/adamczewski\/wp-json\/wp\/v2\/comments?post=10048"}],"version-history":[{"count":0,"href":"https:\/\/blog.polityka.pl\/adamczewski\/wp-json\/wp\/v2\/posts\/10048\/revisions"}],"wp:attachment":[{"href":"https:\/\/blog.polityka.pl\/adamczewski\/wp-json\/wp\/v2\/media?parent=10048"}],"wp:term":[{"taxonomy":"category","embeddable":true,"href":"https:\/\/blog.polityka.pl\/adamczewski\/wp-json\/wp\/v2\/categories?post=10048"},{"taxonomy":"post_tag","embeddable":true,"href":"https:\/\/blog.polityka.pl\/adamczewski\/wp-json\/wp\/v2\/tags?post=10048"}],"curies":[{"name":"wp","href":"https:\/\/api.w.org\/{rel}","templated":true}]}}