
{"id":10049,"date":"2008-11-17T06:58:06","date_gmt":"2008-11-17T05:58:06","guid":{"rendered":"http:\/\/adamczewscy.pl\/?p=2212"},"modified":"2008-11-17T06:58:06","modified_gmt":"2008-11-17T05:58:06","slug":"rosolnik","status":"publish","type":"post","link":"https:\/\/blog.polityka.pl\/adamczewski\/2008\/11\/17\/rosolnik\/","title":{"rendered":"Rosolnik"},"content":{"rendered":"<p><em>50 dag ciel\u0119ciny z ko\u015bci\u0105 (na przyk\u0142ad mostku), 6 szklanek wody, \u0142y\u017cka mas\u0142a, 2 marchwie, pietruszka, kawa\u0142ek selera, por, 2 kiszone og\u00f3rki, s\u00f3l, \u0142y\u017cka przyprawy maggi do zup, \u0142y\u017cka siekanego koperku. Na tarte kluski: p\u00f3\u0142 szklanki maki, jajko.\u00a0<\/em><\/p>\n<p>1. W\u0142oszczyzn\u0119 obra\u0107, umy\u0107 i zetrze\u0107 na tarce lub pokroi\u0107 w cienkie paseczki.<br \/>\n2. Mas\u0142o rozgrza\u0107 w garnku, doda\u0107 starte warzywa i podsma\u017cy\u0107.<br \/>\n3. Mi\u0119so zala\u0107 zimn\u0105 wod\u0105, zagotowa\u0107, doda\u0107 podsma\u017cone warzywa, gotowa\u0107 razem do mi\u0119kko\u015bci.<br \/>\n4. Z m\u0105ki i jajka zagnie\u015b\u0107 twarde ciasto, zetrze\u0107 na tarce, wrzuci\u0107 tarte kluseczki do zupy i ugotowa\u0107.<br \/>\n5. Obra\u0107 og\u00f3rki, pokroi\u0107 w paseczki, doda\u0107 do zupy, zagotowa\u0107. Wyj\u0105\u0107 ugotowane mi\u0119so, pokroi\u0107 na drobne kawa\u0142ki i w\u0142o\u017cy\u0107 z powrotem do zupy. Doprawi\u0107 zup\u0119 przypraw\u0105 maggi. Posypa\u0107 siekanym koperkiem.<\/p>\n","protected":false},"excerpt":{"rendered":"<p>50 dag ciel\u0119ciny z ko\u015bci\u0105 (na przyk\u0142ad mostku), 6 szklanek wody, \u0142y\u017cka mas\u0142a, 2 marchwie, pietruszka, kawa\u0142ek selera, por, 2 kiszone og\u00f3rki, s\u00f3l, \u0142y\u017cka przyprawy maggi do zup, \u0142y\u017cka siekanego koperku. Na tarte kluski: p\u00f3\u0142 szklanki maki, jajko.\u00a0 1. W\u0142oszczyzn\u0119 obra\u0107, umy\u0107 i zetrze\u0107 na tarce lub pokroi\u0107 w cienkie paseczki. 2. Mas\u0142o rozgrza\u0107 w [&hellip;]<\/p>\n","protected":false},"author":2,"featured_media":0,"comment_status":"open","ping_status":"open","sticky":false,"template":"","format":"standard","meta":{"footnotes":""},"categories":[1],"tags":[],"_links":{"self":[{"href":"https:\/\/blog.polityka.pl\/adamczewski\/wp-json\/wp\/v2\/posts\/10049"}],"collection":[{"href":"https:\/\/blog.polityka.pl\/adamczewski\/wp-json\/wp\/v2\/posts"}],"about":[{"href":"https:\/\/blog.polityka.pl\/adamczewski\/wp-json\/wp\/v2\/types\/post"}],"author":[{"embeddable":true,"href":"https:\/\/blog.polityka.pl\/adamczewski\/wp-json\/wp\/v2\/users\/2"}],"replies":[{"embeddable":true,"href":"https:\/\/blog.polityka.pl\/adamczewski\/wp-json\/wp\/v2\/comments?post=10049"}],"version-history":[{"count":0,"href":"https:\/\/blog.polityka.pl\/adamczewski\/wp-json\/wp\/v2\/posts\/10049\/revisions"}],"wp:attachment":[{"href":"https:\/\/blog.polityka.pl\/adamczewski\/wp-json\/wp\/v2\/media?parent=10049"}],"wp:term":[{"taxonomy":"category","embeddable":true,"href":"https:\/\/blog.polityka.pl\/adamczewski\/wp-json\/wp\/v2\/categories?post=10049"},{"taxonomy":"post_tag","embeddable":true,"href":"https:\/\/blog.polityka.pl\/adamczewski\/wp-json\/wp\/v2\/tags?post=10049"}],"curies":[{"name":"wp","href":"https:\/\/api.w.org\/{rel}","templated":true}]}}