
{"id":10050,"date":"2008-11-17T06:58:57","date_gmt":"2008-11-17T05:58:57","guid":{"rendered":"http:\/\/adamczewscy.pl\/?p=2213"},"modified":"2008-11-17T06:58:57","modified_gmt":"2008-11-17T05:58:57","slug":"rosol-rumiany-z-jarzynkami-%e2%80%9ejulienne%e2%80%9d","status":"publish","type":"post","link":"https:\/\/blog.polityka.pl\/adamczewski\/2008\/11\/17\/rosol-rumiany-z-jarzynkami-%e2%80%9ejulienne%e2%80%9d\/","title":{"rendered":"Ros\u00f3\u0142 rumiany z jarzynkami ?Julienne?"},"content":{"rendered":"<p><em>4 szklanki mocnego domowego lub przygotowanego z kostki roso\u0142u, szklanka mro\u017conej, krojonej w paski w\u0142oszczyzny, kalarepka, szklanka pokrojonej w paski kapusty w\u0142oskiej, p\u00f3\u0142 szklanki mro\u017conego zielonego groszku lub z puszki, \u0142y\u017cka mas\u0142a, je\u015bli trzeba troch\u0119 soli. Siekana zielona pietruszka lub koperek &#8211; je\u015bli ma si\u0119 ochot\u0119.\u00a0<\/em><br \/>\n1. W garnuszku rozgrza\u0107 mas\u0142o, doda\u0107 posiekan\u0105 w pi\u00f3rka kapust\u0119 w\u0142oska i pokrojona w jak najcie\u0144szy makaron kalarepk\u0119, chwile dusi\u0107 podlewaj\u0105c po \u0142y\u017cce roso\u0142em, doda\u0107 mro\u017con\u0105 w\u0142oszczyzn\u0119 oraz ew. mro\u017cony groszek. Zn\u00f3w, mieszaj\u0105c, chwil\u0119 dusi\u0107.<br \/>\n2. Do uduszonych warzyw doda\u0107 ros\u00f3\u0142 i je\u015bli mamy groszek z puszki,  doda\u0107 go w\u0142a\u015bnie teraz. Zagotowa\u0107 zup\u0119 doprawiaj\u0105c, o ile trzeba, sol\u0105.<\/p>\n","protected":false},"excerpt":{"rendered":"<p>4 szklanki mocnego domowego lub przygotowanego z kostki roso\u0142u, szklanka mro\u017conej, krojonej w paski w\u0142oszczyzny, kalarepka, szklanka pokrojonej w paski kapusty w\u0142oskiej, p\u00f3\u0142 szklanki mro\u017conego zielonego groszku lub z puszki, \u0142y\u017cka mas\u0142a, je\u015bli trzeba troch\u0119 soli. Siekana zielona pietruszka lub koperek &#8211; je\u015bli ma si\u0119 ochot\u0119.\u00a0 1. W garnuszku rozgrza\u0107 mas\u0142o, doda\u0107 posiekan\u0105 w pi\u00f3rka [&hellip;]<\/p>\n","protected":false},"author":2,"featured_media":0,"comment_status":"open","ping_status":"open","sticky":false,"template":"","format":"standard","meta":{"footnotes":""},"categories":[1],"tags":[],"_links":{"self":[{"href":"https:\/\/blog.polityka.pl\/adamczewski\/wp-json\/wp\/v2\/posts\/10050"}],"collection":[{"href":"https:\/\/blog.polityka.pl\/adamczewski\/wp-json\/wp\/v2\/posts"}],"about":[{"href":"https:\/\/blog.polityka.pl\/adamczewski\/wp-json\/wp\/v2\/types\/post"}],"author":[{"embeddable":true,"href":"https:\/\/blog.polityka.pl\/adamczewski\/wp-json\/wp\/v2\/users\/2"}],"replies":[{"embeddable":true,"href":"https:\/\/blog.polityka.pl\/adamczewski\/wp-json\/wp\/v2\/comments?post=10050"}],"version-history":[{"count":0,"href":"https:\/\/blog.polityka.pl\/adamczewski\/wp-json\/wp\/v2\/posts\/10050\/revisions"}],"wp:attachment":[{"href":"https:\/\/blog.polityka.pl\/adamczewski\/wp-json\/wp\/v2\/media?parent=10050"}],"wp:term":[{"taxonomy":"category","embeddable":true,"href":"https:\/\/blog.polityka.pl\/adamczewski\/wp-json\/wp\/v2\/categories?post=10050"},{"taxonomy":"post_tag","embeddable":true,"href":"https:\/\/blog.polityka.pl\/adamczewski\/wp-json\/wp\/v2\/tags?post=10050"}],"curies":[{"name":"wp","href":"https:\/\/api.w.org\/{rel}","templated":true}]}}