
{"id":10051,"date":"2008-11-17T07:00:03","date_gmt":"2008-11-17T06:00:03","guid":{"rendered":"http:\/\/adamczewscy.pl\/?p=2214"},"modified":"2008-11-17T07:00:03","modified_gmt":"2008-11-17T06:00:03","slug":"biala-zupa-cebulowa","status":"publish","type":"post","link":"https:\/\/blog.polityka.pl\/adamczewski\/2008\/11\/17\/biala-zupa-cebulowa\/","title":{"rendered":"Bia\u0142a zupa cebulowa"},"content":{"rendered":"<p><em>4 du\u017ce cebule, kopiasta \u0142y\u017cka mas\u0142a, 4 szklanki wody, s\u00f3l, pieprz do smaku.<br \/>\nJako dodatek: 4 \u0142y\u017cki startego ostrego sera \u017c\u00f3\u0142tego, grzanki z bu\u0142ki, \u0142y\u017ceczka mas\u0142a.\u00a0<\/em><\/p>\n<p>1. Cebule pokroi\u0107 w cienkie plasterki.<br \/>\n2. W garnku rozpu\u015bci\u0107 po\u0142ow\u0119 mas\u0142a, doda\u0107 pokrojona cebul\u0119 i 10 minut dusi\u0107 na bardzo ma\u0142ym ogniu, nie dopuszczaj\u0105c do lekkiego nawet zrumienienia.<br \/>\n3. Doda\u0107 do uduszonej cebuli wod\u0119, zmiksowa\u0107, zagotowa\u0107 zup\u0119 i doprawi\u0107 sol\u0105 i pieprzem. Doda\u0107 do zupy pozosta\u0142e mas\u0142o.<br \/>\n4. Usma\u017cy\u0107 na suchej patelni grzanki z czerstwej kajzerki, pod koniec sma\u017cenia doda\u0107 mas\u0142o.<br \/>\nPodawa\u0107 w fili\u017cankach posypana startym \u017c\u00f3\u0142tym serem. Grzanki osobno.<\/p>\n","protected":false},"excerpt":{"rendered":"<p>4 du\u017ce cebule, kopiasta \u0142y\u017cka mas\u0142a, 4 szklanki wody, s\u00f3l, pieprz do smaku. Jako dodatek: 4 \u0142y\u017cki startego ostrego sera \u017c\u00f3\u0142tego, grzanki z bu\u0142ki, \u0142y\u017ceczka mas\u0142a.\u00a0 1. Cebule pokroi\u0107 w cienkie plasterki. 2. W garnku rozpu\u015bci\u0107 po\u0142ow\u0119 mas\u0142a, doda\u0107 pokrojona cebul\u0119 i 10 minut dusi\u0107 na bardzo ma\u0142ym ogniu, nie dopuszczaj\u0105c do lekkiego nawet zrumienienia. [&hellip;]<\/p>\n","protected":false},"author":2,"featured_media":0,"comment_status":"open","ping_status":"open","sticky":false,"template":"","format":"standard","meta":{"footnotes":""},"categories":[1],"tags":[],"_links":{"self":[{"href":"https:\/\/blog.polityka.pl\/adamczewski\/wp-json\/wp\/v2\/posts\/10051"}],"collection":[{"href":"https:\/\/blog.polityka.pl\/adamczewski\/wp-json\/wp\/v2\/posts"}],"about":[{"href":"https:\/\/blog.polityka.pl\/adamczewski\/wp-json\/wp\/v2\/types\/post"}],"author":[{"embeddable":true,"href":"https:\/\/blog.polityka.pl\/adamczewski\/wp-json\/wp\/v2\/users\/2"}],"replies":[{"embeddable":true,"href":"https:\/\/blog.polityka.pl\/adamczewski\/wp-json\/wp\/v2\/comments?post=10051"}],"version-history":[{"count":0,"href":"https:\/\/blog.polityka.pl\/adamczewski\/wp-json\/wp\/v2\/posts\/10051\/revisions"}],"wp:attachment":[{"href":"https:\/\/blog.polityka.pl\/adamczewski\/wp-json\/wp\/v2\/media?parent=10051"}],"wp:term":[{"taxonomy":"category","embeddable":true,"href":"https:\/\/blog.polityka.pl\/adamczewski\/wp-json\/wp\/v2\/categories?post=10051"},{"taxonomy":"post_tag","embeddable":true,"href":"https:\/\/blog.polityka.pl\/adamczewski\/wp-json\/wp\/v2\/tags?post=10051"}],"curies":[{"name":"wp","href":"https:\/\/api.w.org\/{rel}","templated":true}]}}