
{"id":10052,"date":"2008-11-17T07:01:06","date_gmt":"2008-11-17T06:01:06","guid":{"rendered":"http:\/\/adamczewscy.pl\/?p=2215"},"modified":"2008-11-17T07:01:06","modified_gmt":"2008-11-17T06:01:06","slug":"pomidory-zapiekane","status":"publish","type":"post","link":"https:\/\/blog.polityka.pl\/adamczewski\/2008\/11\/17\/pomidory-zapiekane\/","title":{"rendered":"Pomidory zapiekane"},"content":{"rendered":"<p><em>4 mi\u0119siste pomidory, 4 \u0142y\u017cki startego parmezanu, 4 \u0142y\u017cki tartej bu\u0142ki, s\u00f3l, pieprz, \u0142y\u017cka stopionego mas\u0142a.\u00a0<\/em><\/p>\n<p>1. Pomidory przekroi\u0107 na wierzchu na krzy\u017c, pola\u0107 wrz\u0105c\u0105 woda i zdj\u0105\u0107 z nich sk\u00f3rk\u0119. Przekroi\u0107 na po\u0142\u00f3wki, wycisn\u0105\u0107 w miar\u0119 mo\u017cliwo\u015bci pestki, u\u0142o\u017cy\u0107 na \u017caroodpornym p\u00f3\u0142misku przekrojem do do\u0142u.<br \/>\n2. Posypa\u0107 pomidory sol\u0105, pieprzem, parmezanem i tart\u0105 bu\u0142k\u0105. Zapieka\u0107 w piekarniku, a\u017c wierzch si\u0119 pi\u0119knie zrumieni.<\/p>\n","protected":false},"excerpt":{"rendered":"<p>4 mi\u0119siste pomidory, 4 \u0142y\u017cki startego parmezanu, 4 \u0142y\u017cki tartej bu\u0142ki, s\u00f3l, pieprz, \u0142y\u017cka stopionego mas\u0142a.\u00a0 1. Pomidory przekroi\u0107 na wierzchu na krzy\u017c, pola\u0107 wrz\u0105c\u0105 woda i zdj\u0105\u0107 z nich sk\u00f3rk\u0119. Przekroi\u0107 na po\u0142\u00f3wki, wycisn\u0105\u0107 w miar\u0119 mo\u017cliwo\u015bci pestki, u\u0142o\u017cy\u0107 na \u017caroodpornym p\u00f3\u0142misku przekrojem do do\u0142u. 2. Posypa\u0107 pomidory sol\u0105, pieprzem, parmezanem i tart\u0105 bu\u0142k\u0105. [&hellip;]<\/p>\n","protected":false},"author":2,"featured_media":0,"comment_status":"open","ping_status":"open","sticky":false,"template":"","format":"standard","meta":{"footnotes":""},"categories":[1],"tags":[],"_links":{"self":[{"href":"https:\/\/blog.polityka.pl\/adamczewski\/wp-json\/wp\/v2\/posts\/10052"}],"collection":[{"href":"https:\/\/blog.polityka.pl\/adamczewski\/wp-json\/wp\/v2\/posts"}],"about":[{"href":"https:\/\/blog.polityka.pl\/adamczewski\/wp-json\/wp\/v2\/types\/post"}],"author":[{"embeddable":true,"href":"https:\/\/blog.polityka.pl\/adamczewski\/wp-json\/wp\/v2\/users\/2"}],"replies":[{"embeddable":true,"href":"https:\/\/blog.polityka.pl\/adamczewski\/wp-json\/wp\/v2\/comments?post=10052"}],"version-history":[{"count":0,"href":"https:\/\/blog.polityka.pl\/adamczewski\/wp-json\/wp\/v2\/posts\/10052\/revisions"}],"wp:attachment":[{"href":"https:\/\/blog.polityka.pl\/adamczewski\/wp-json\/wp\/v2\/media?parent=10052"}],"wp:term":[{"taxonomy":"category","embeddable":true,"href":"https:\/\/blog.polityka.pl\/adamczewski\/wp-json\/wp\/v2\/categories?post=10052"},{"taxonomy":"post_tag","embeddable":true,"href":"https:\/\/blog.polityka.pl\/adamczewski\/wp-json\/wp\/v2\/tags?post=10052"}],"curies":[{"name":"wp","href":"https:\/\/api.w.org\/{rel}","templated":true}]}}