
{"id":10053,"date":"2008-11-17T07:01:46","date_gmt":"2008-11-17T06:01:46","guid":{"rendered":"http:\/\/adamczewscy.pl\/?p=2216"},"modified":"2008-11-17T07:01:46","modified_gmt":"2008-11-17T06:01:46","slug":"kluski-zapiekane-z-jajkami","status":"publish","type":"post","link":"https:\/\/blog.polityka.pl\/adamczewski\/2008\/11\/17\/kluski-zapiekane-z-jajkami\/","title":{"rendered":"Kluski zapiekane z jajkami"},"content":{"rendered":"<p><em>30 dag makaronu rurki, 4 jajka, s\u00f3l do smaku, szklanka \u015bmietany, \u017c\u00f3\u0142tko, 3 \u0142y\u017cki mas\u0142a, szklanka startego \u017c\u00f3\u0142tego sera.<\/em><\/p>\n<p>1. Jajka ugotowa\u0107 na twardo, obra\u0107, pokroi\u0107 w kostk\u0119.<br \/>\n2. Makaron ugotowa\u0107, wymiesza\u0107 z 2 \u0142y\u017ckami mas\u0142a i pokrojonymi jajkami.<br \/>\n3. Wysmarowa\u0107 \u0142y\u017ck\u0105 mas\u0142a naczynie \u017caroodporne  u\u0142o\u017cy\u0107 w nim makaron, wyg\u0142adzi\u0107 wierzch.<br \/>\n4. Wymiesza\u0107 \u017c\u00f3\u0142tko ze \u015bmietan\u0105, doprawi\u0107 sol\u0105, pola\u0107 zapiekank\u0119 i posypa\u0107 wierzch startym \u017c\u00f3\u0142tym serem. Zapieka\u0107, a\u017c utworzy si\u0119 na wierzchu z\u0142ocista sk\u00f3rka.<\/p>\n","protected":false},"excerpt":{"rendered":"<p>30 dag makaronu rurki, 4 jajka, s\u00f3l do smaku, szklanka \u015bmietany, \u017c\u00f3\u0142tko, 3 \u0142y\u017cki mas\u0142a, szklanka startego \u017c\u00f3\u0142tego sera. 1. Jajka ugotowa\u0107 na twardo, obra\u0107, pokroi\u0107 w kostk\u0119. 2. Makaron ugotowa\u0107, wymiesza\u0107 z 2 \u0142y\u017ckami mas\u0142a i pokrojonymi jajkami. 3. Wysmarowa\u0107 \u0142y\u017ck\u0105 mas\u0142a naczynie \u017caroodporne u\u0142o\u017cy\u0107 w nim makaron, wyg\u0142adzi\u0107 wierzch. 4. Wymiesza\u0107 \u017c\u00f3\u0142tko ze [&hellip;]<\/p>\n","protected":false},"author":2,"featured_media":0,"comment_status":"open","ping_status":"open","sticky":false,"template":"","format":"standard","meta":{"footnotes":""},"categories":[1],"tags":[],"_links":{"self":[{"href":"https:\/\/blog.polityka.pl\/adamczewski\/wp-json\/wp\/v2\/posts\/10053"}],"collection":[{"href":"https:\/\/blog.polityka.pl\/adamczewski\/wp-json\/wp\/v2\/posts"}],"about":[{"href":"https:\/\/blog.polityka.pl\/adamczewski\/wp-json\/wp\/v2\/types\/post"}],"author":[{"embeddable":true,"href":"https:\/\/blog.polityka.pl\/adamczewski\/wp-json\/wp\/v2\/users\/2"}],"replies":[{"embeddable":true,"href":"https:\/\/blog.polityka.pl\/adamczewski\/wp-json\/wp\/v2\/comments?post=10053"}],"version-history":[{"count":0,"href":"https:\/\/blog.polityka.pl\/adamczewski\/wp-json\/wp\/v2\/posts\/10053\/revisions"}],"wp:attachment":[{"href":"https:\/\/blog.polityka.pl\/adamczewski\/wp-json\/wp\/v2\/media?parent=10053"}],"wp:term":[{"taxonomy":"category","embeddable":true,"href":"https:\/\/blog.polityka.pl\/adamczewski\/wp-json\/wp\/v2\/categories?post=10053"},{"taxonomy":"post_tag","embeddable":true,"href":"https:\/\/blog.polityka.pl\/adamczewski\/wp-json\/wp\/v2\/tags?post=10053"}],"curies":[{"name":"wp","href":"https:\/\/api.w.org\/{rel}","templated":true}]}}