
{"id":10054,"date":"2008-11-24T06:56:18","date_gmt":"2008-11-24T05:56:18","guid":{"rendered":"http:\/\/adamczewscy.pl\/?p=2218"},"modified":"2008-11-24T06:56:18","modified_gmt":"2008-11-24T05:56:18","slug":"tort-bananowy-2","status":"publish","type":"post","link":"https:\/\/blog.polityka.pl\/adamczewski\/2008\/11\/24\/tort-bananowy-2\/","title":{"rendered":"Tort bananowy"},"content":{"rendered":"<p><em>Szklanka mleka, szklanka mleka, kostka mas\u0142a i \u0107wier\u0107 kostki, 8 jaj, laska wanilii lub cukier waniliowy,  4 banany, paczka biszkopt\u00f3w lub tyle kruchych ciastek, do u\u0142o\u017cenia na dnie tortownicy o \u015brednicy ok. 20 cm. P\u00f3\u0142 tabliczki deserowej czekolady.<\/em><\/p>\n<p>1. Mleko zagotowa\u0107 z wanili\u0105 i cukrem i odstawi\u0107 do ostudzenia.<br \/>\n2. Oddzieli\u0107 \u017c\u00f3\u0142tka, od bia\u0142ek. \u017b\u00f3\u0142tka ubija\u0107 chwil\u0119 trzepaczk\u0105. Po chwili wla\u0107 przestudzone mleko i dok\u0142adnie wymiesza\u0107 i podgrzewa\u0107, dalej ubijaj\u0105c trzepaczk\u0105, do momentu, kiedy masa uzyska konsystencj\u0119 lekkiego budyniu. Wystudzi\u0107.<br \/>\n3. Mas\u0142o utrze\u0107 na puszyst\u0105 mas\u0119, dodawa\u0107 po 3 \u0142y\u017cki ostudzonego budyniu.<br \/>\n4. Na dnie tortownicy u\u0142o\u017cy\u0107 biszkopty lub kruche ciastka, rozsmarowa\u0107 na nim \u0107wier\u0107 kremu, na kremie u\u0142o\u017cy\u0107 plasterki banana, zn\u00f3w \u0107wier\u0107 kremu, zn\u00f3w plasterki banana, i tak do wyczerpania kremu. Ostatni\u0105 warstw\u0105 powinien by\u0107 krem.<br \/>\n5. Wierzch tortu posypa\u0107 utart\u0105 na tarce czekolad\u0105.<\/p>\n","protected":false},"excerpt":{"rendered":"<p>Szklanka mleka, szklanka mleka, kostka mas\u0142a i \u0107wier\u0107 kostki, 8 jaj, laska wanilii lub cukier waniliowy, 4 banany, paczka biszkopt\u00f3w lub tyle kruchych ciastek, do u\u0142o\u017cenia na dnie tortownicy o \u015brednicy ok. 20 cm. P\u00f3\u0142 tabliczki deserowej czekolady. 1. Mleko zagotowa\u0107 z wanili\u0105 i cukrem i odstawi\u0107 do ostudzenia. 2. Oddzieli\u0107 \u017c\u00f3\u0142tka, od bia\u0142ek. \u017b\u00f3\u0142tka [&hellip;]<\/p>\n","protected":false},"author":2,"featured_media":0,"comment_status":"open","ping_status":"open","sticky":false,"template":"","format":"standard","meta":{"footnotes":""},"categories":[1],"tags":[],"_links":{"self":[{"href":"https:\/\/blog.polityka.pl\/adamczewski\/wp-json\/wp\/v2\/posts\/10054"}],"collection":[{"href":"https:\/\/blog.polityka.pl\/adamczewski\/wp-json\/wp\/v2\/posts"}],"about":[{"href":"https:\/\/blog.polityka.pl\/adamczewski\/wp-json\/wp\/v2\/types\/post"}],"author":[{"embeddable":true,"href":"https:\/\/blog.polityka.pl\/adamczewski\/wp-json\/wp\/v2\/users\/2"}],"replies":[{"embeddable":true,"href":"https:\/\/blog.polityka.pl\/adamczewski\/wp-json\/wp\/v2\/comments?post=10054"}],"version-history":[{"count":0,"href":"https:\/\/blog.polityka.pl\/adamczewski\/wp-json\/wp\/v2\/posts\/10054\/revisions"}],"wp:attachment":[{"href":"https:\/\/blog.polityka.pl\/adamczewski\/wp-json\/wp\/v2\/media?parent=10054"}],"wp:term":[{"taxonomy":"category","embeddable":true,"href":"https:\/\/blog.polityka.pl\/adamczewski\/wp-json\/wp\/v2\/categories?post=10054"},{"taxonomy":"post_tag","embeddable":true,"href":"https:\/\/blog.polityka.pl\/adamczewski\/wp-json\/wp\/v2\/tags?post=10054"}],"curies":[{"name":"wp","href":"https:\/\/api.w.org\/{rel}","templated":true}]}}