
{"id":10056,"date":"2008-11-24T06:57:50","date_gmt":"2008-11-24T05:57:50","guid":{"rendered":"http:\/\/adamczewscy.pl\/?p=2220"},"modified":"2008-11-24T06:57:50","modified_gmt":"2008-11-24T05:57:50","slug":"rolada-z-nadzieniem-orzechowym","status":"publish","type":"post","link":"https:\/\/blog.polityka.pl\/adamczewski\/2008\/11\/24\/rolada-z-nadzieniem-orzechowym\/","title":{"rendered":"Rolada z nadzieniem orzechowym"},"content":{"rendered":"<p><em>Na biszkopt: 5 jaj, 3\/4 szklanki cukru, 2 \u0142y\u017cki wody, p\u00f3\u0142 szklanki maki pszennej.<br \/>\nNa krem: p\u00f3\u0142 szklanki \u015bmietany krem\u00f3wki 30-proc., 4 \u0142y\u017cki posiekanych orzech\u00f3w w\u0142oskich, 2 \u0142y\u017cki cukru pudru, paczka cukru waniliowego.\u00a0<\/em><\/p>\n<p>1. Utrze\u0107 \u017c\u00f3\u0142tka z cukrem, dodaj\u0105c po trochu wod\u0119.<br \/>\n2. Ubi\u0107 sztywn\u0105 pian\u0119 i wymiesza\u0107 z m\u0105k\u0105, proszkiem do pieczenia i utartymi \u017c\u00f3\u0142tkami.<br \/>\n3. Wy\u0142o\u017cy\u0107 ciasto na blaszk\u0119 wielko\u015bci piekarnika , na papier do wypiek\u00f3w. Piec w temperaturze 180 st C oko\u0142o 15 minut.<br \/>\n4. Och\u0142odzon\u0105 \u015bmietan\u0119 ubi\u0107, pod koniec ubijania doda\u0107 cukier puder oraz po ubiciu siekane orzechy. Wymiesza\u0107.<br \/>\n5. Kremem posmarowa\u0107 upieczony i jeszcze lekko ciep\u0142y biszkopt, zwin\u0105\u0107 w rulon zdejmuj\u0105c r\u00f3wnocze\u015bnie arkusz pergaminu. W\u0142o\u017cy\u0107 rolad\u0119 owini\u0119t\u0105 w \u015bciereczk\u0119 do  lod\u00f3wki na 2 godziny.<br \/>\nPodaj\u0105c pokroi\u0107 w uko\u015bne plastry.<\/p>\n","protected":false},"excerpt":{"rendered":"<p>Na biszkopt: 5 jaj, 3\/4 szklanki cukru, 2 \u0142y\u017cki wody, p\u00f3\u0142 szklanki maki pszennej. Na krem: p\u00f3\u0142 szklanki \u015bmietany krem\u00f3wki 30-proc., 4 \u0142y\u017cki posiekanych orzech\u00f3w w\u0142oskich, 2 \u0142y\u017cki cukru pudru, paczka cukru waniliowego.\u00a0 1. Utrze\u0107 \u017c\u00f3\u0142tka z cukrem, dodaj\u0105c po trochu wod\u0119. 2. Ubi\u0107 sztywn\u0105 pian\u0119 i wymiesza\u0107 z m\u0105k\u0105, proszkiem do pieczenia i utartymi [&hellip;]<\/p>\n","protected":false},"author":2,"featured_media":0,"comment_status":"open","ping_status":"open","sticky":false,"template":"","format":"standard","meta":{"footnotes":""},"categories":[1],"tags":[],"_links":{"self":[{"href":"https:\/\/blog.polityka.pl\/adamczewski\/wp-json\/wp\/v2\/posts\/10056"}],"collection":[{"href":"https:\/\/blog.polityka.pl\/adamczewski\/wp-json\/wp\/v2\/posts"}],"about":[{"href":"https:\/\/blog.polityka.pl\/adamczewski\/wp-json\/wp\/v2\/types\/post"}],"author":[{"embeddable":true,"href":"https:\/\/blog.polityka.pl\/adamczewski\/wp-json\/wp\/v2\/users\/2"}],"replies":[{"embeddable":true,"href":"https:\/\/blog.polityka.pl\/adamczewski\/wp-json\/wp\/v2\/comments?post=10056"}],"version-history":[{"count":0,"href":"https:\/\/blog.polityka.pl\/adamczewski\/wp-json\/wp\/v2\/posts\/10056\/revisions"}],"wp:attachment":[{"href":"https:\/\/blog.polityka.pl\/adamczewski\/wp-json\/wp\/v2\/media?parent=10056"}],"wp:term":[{"taxonomy":"category","embeddable":true,"href":"https:\/\/blog.polityka.pl\/adamczewski\/wp-json\/wp\/v2\/categories?post=10056"},{"taxonomy":"post_tag","embeddable":true,"href":"https:\/\/blog.polityka.pl\/adamczewski\/wp-json\/wp\/v2\/tags?post=10056"}],"curies":[{"name":"wp","href":"https:\/\/api.w.org\/{rel}","templated":true}]}}