
{"id":10058,"date":"2008-11-24T06:59:21","date_gmt":"2008-11-24T05:59:21","guid":{"rendered":"http:\/\/adamczewscy.pl\/?p=2222"},"modified":"2008-11-24T06:59:21","modified_gmt":"2008-11-24T05:59:21","slug":"prawie-jak-czekolada","status":"publish","type":"post","link":"https:\/\/blog.polityka.pl\/adamczewski\/2008\/11\/24\/prawie-jak-czekolada\/","title":{"rendered":"Prawie jak czekolada"},"content":{"rendered":"<p><em>P\u00f3\u0142 szklanki mleka, p\u00f3\u0142torej szklanki cukru, cukier waniliowy, 3 \u0142y\u017cki kakao, 3 szklanki mleka w proszku, trzy czwarte kostki mas\u0142a, p\u00f3\u0142 szklanki posiekanych niezbyt drobno bakalii. \u0141y\u017cka oliwy do wysmarowania formy.\u00a0<\/em><\/p>\n<p>1. Zagotowa\u0107 mleko z cukrem i cukrem waniliowym, gotowa\u0107 na ma\u0142ym ogniu mniej wi\u0119cej 5 minut.<br \/>\n2. Doda\u0107 mas\u0142o, kiedy si\u0119 rozpu\u015bci w gor\u0105cym mleku wsypa\u0107 mleko w proszku oraz kakao i dok\u0142adnie wymiesza\u0107.<br \/>\n3. Do wymieszanej masy doda\u0107 bakalie, zn\u00f3w wymiesza\u0107.<br \/>\n4. Pod\u0142u\u017cn\u0105 form\u0119 do ciasta wy\u0142o\u017cy\u0107 foli\u0105 aluminiow\u0105 posmarowan\u0105 oliw\u0105.<br \/>\n5. Prze\u0142o\u017cy\u0107 mas\u0119 do formy, wyg\u0142adzi\u0107 wierzch i oznaczy\u0107 kratk\u0119, wzd\u0142u\u017c kt\u00f3rej b\u0119dzie mo\u017cna pokroi\u0107 ?czekolad\u0119?.<\/p>\n","protected":false},"excerpt":{"rendered":"<p>P\u00f3\u0142 szklanki mleka, p\u00f3\u0142torej szklanki cukru, cukier waniliowy, 3 \u0142y\u017cki kakao, 3 szklanki mleka w proszku, trzy czwarte kostki mas\u0142a, p\u00f3\u0142 szklanki posiekanych niezbyt drobno bakalii. \u0141y\u017cka oliwy do wysmarowania formy.\u00a0 1. Zagotowa\u0107 mleko z cukrem i cukrem waniliowym, gotowa\u0107 na ma\u0142ym ogniu mniej wi\u0119cej 5 minut. 2. Doda\u0107 mas\u0142o, kiedy si\u0119 rozpu\u015bci w gor\u0105cym [&hellip;]<\/p>\n","protected":false},"author":2,"featured_media":0,"comment_status":"open","ping_status":"open","sticky":false,"template":"","format":"standard","meta":{"footnotes":""},"categories":[1],"tags":[],"_links":{"self":[{"href":"https:\/\/blog.polityka.pl\/adamczewski\/wp-json\/wp\/v2\/posts\/10058"}],"collection":[{"href":"https:\/\/blog.polityka.pl\/adamczewski\/wp-json\/wp\/v2\/posts"}],"about":[{"href":"https:\/\/blog.polityka.pl\/adamczewski\/wp-json\/wp\/v2\/types\/post"}],"author":[{"embeddable":true,"href":"https:\/\/blog.polityka.pl\/adamczewski\/wp-json\/wp\/v2\/users\/2"}],"replies":[{"embeddable":true,"href":"https:\/\/blog.polityka.pl\/adamczewski\/wp-json\/wp\/v2\/comments?post=10058"}],"version-history":[{"count":0,"href":"https:\/\/blog.polityka.pl\/adamczewski\/wp-json\/wp\/v2\/posts\/10058\/revisions"}],"wp:attachment":[{"href":"https:\/\/blog.polityka.pl\/adamczewski\/wp-json\/wp\/v2\/media?parent=10058"}],"wp:term":[{"taxonomy":"category","embeddable":true,"href":"https:\/\/blog.polityka.pl\/adamczewski\/wp-json\/wp\/v2\/categories?post=10058"},{"taxonomy":"post_tag","embeddable":true,"href":"https:\/\/blog.polityka.pl\/adamczewski\/wp-json\/wp\/v2\/tags?post=10058"}],"curies":[{"name":"wp","href":"https:\/\/api.w.org\/{rel}","templated":true}]}}