
{"id":10059,"date":"2008-11-24T06:59:50","date_gmt":"2008-11-24T05:59:50","guid":{"rendered":"http:\/\/adamczewscy.pl\/?p=2223"},"modified":"2008-11-24T06:59:50","modified_gmt":"2008-11-24T05:59:50","slug":"placek-jogurtowy","status":"publish","type":"post","link":"https:\/\/blog.polityka.pl\/adamczewski\/2008\/11\/24\/placek-jogurtowy\/","title":{"rendered":"Placek jogurtowy"},"content":{"rendered":"<p><em>Szklanka jogurtu naturalnego, p\u00f3\u0142 szklanki dobrego oleju, 4 jajka, 2 szklanki cukru, 3 szklanki m\u0105ki, \u0142y\u017ceczka proszku do pieczenia, 2 \u0142y\u017cki cukru pudru ew. \u0142y\u017ceczka do kawy cynamonu.\u00a0<\/em><\/p>\n<p>1. Jajka w ca\u0142o\u015bci utrze\u0107 z cukrem, doda\u0107 przesian\u0105 m\u0105k\u0119 , proszek do pieczenia, olej i jogurt. Dok\u0142adnie zmiksowa\u0107.<br \/>\n2. Form\u0119 do pieczenia ( na przyk\u0142ad 20&#215;30 cm) wy\u0142o\u017cy\u0107 papierem do wypiek\u00f3w i prze\u0142o\u017cy\u0107 do niej ciasto.<br \/>\n3. Piec 40 minut w temperaturze 190-200 st C.<br \/>\n4. Po upieczeniu posypa\u0107 cukrem pudrem i ew. cynamonem.<\/p>\n","protected":false},"excerpt":{"rendered":"<p>Szklanka jogurtu naturalnego, p\u00f3\u0142 szklanki dobrego oleju, 4 jajka, 2 szklanki cukru, 3 szklanki m\u0105ki, \u0142y\u017ceczka proszku do pieczenia, 2 \u0142y\u017cki cukru pudru ew. \u0142y\u017ceczka do kawy cynamonu.\u00a0 1. Jajka w ca\u0142o\u015bci utrze\u0107 z cukrem, doda\u0107 przesian\u0105 m\u0105k\u0119 , proszek do pieczenia, olej i jogurt. Dok\u0142adnie zmiksowa\u0107. 2. Form\u0119 do pieczenia ( na przyk\u0142ad 20&#215;30 [&hellip;]<\/p>\n","protected":false},"author":2,"featured_media":0,"comment_status":"open","ping_status":"open","sticky":false,"template":"","format":"standard","meta":{"footnotes":""},"categories":[1],"tags":[],"_links":{"self":[{"href":"https:\/\/blog.polityka.pl\/adamczewski\/wp-json\/wp\/v2\/posts\/10059"}],"collection":[{"href":"https:\/\/blog.polityka.pl\/adamczewski\/wp-json\/wp\/v2\/posts"}],"about":[{"href":"https:\/\/blog.polityka.pl\/adamczewski\/wp-json\/wp\/v2\/types\/post"}],"author":[{"embeddable":true,"href":"https:\/\/blog.polityka.pl\/adamczewski\/wp-json\/wp\/v2\/users\/2"}],"replies":[{"embeddable":true,"href":"https:\/\/blog.polityka.pl\/adamczewski\/wp-json\/wp\/v2\/comments?post=10059"}],"version-history":[{"count":0,"href":"https:\/\/blog.polityka.pl\/adamczewski\/wp-json\/wp\/v2\/posts\/10059\/revisions"}],"wp:attachment":[{"href":"https:\/\/blog.polityka.pl\/adamczewski\/wp-json\/wp\/v2\/media?parent=10059"}],"wp:term":[{"taxonomy":"category","embeddable":true,"href":"https:\/\/blog.polityka.pl\/adamczewski\/wp-json\/wp\/v2\/categories?post=10059"},{"taxonomy":"post_tag","embeddable":true,"href":"https:\/\/blog.polityka.pl\/adamczewski\/wp-json\/wp\/v2\/tags?post=10059"}],"curies":[{"name":"wp","href":"https:\/\/api.w.org\/{rel}","templated":true}]}}