
{"id":1006,"date":"2009-07-08T08:00:50","date_gmt":"2009-07-08T06:00:50","guid":{"rendered":"http:\/\/adamczewski.blog.polityka.pl\/?p=1006"},"modified":"2009-07-08T08:08:34","modified_gmt":"2009-07-08T06:08:34","slug":"california-honeydrops-czyli-jazz-tradycyjny-w-pultusku","status":"publish","type":"post","link":"https:\/\/blog.polityka.pl\/adamczewski\/2009\/07\/08\/california-honeydrops-czyli-jazz-tradycyjny-w-pultusku\/","title":{"rendered":"California Honeydrops czyli jazz tradycyjny w Pu\u0142tusku"},"content":{"rendered":"<p>W gor\u0105ce i s\u0142oneczne sobotnie popo\u0142udnie na scenie amfiteatru zamkowego w Pu\u0142tusku rozleg\u0142y si\u0119 d\u017awi\u0119ki wspania\u0142ego jazzu tradycyjnego. I nie takiego ug\u0142adzonego, s\u0142odkiego, granego dla wyrobionej i os\u0142uchanej\u00a0 publiczno\u015bci, kt\u00f3ra zna wszystkie p\u0142yty i puszcza je sobie przed snem. California Honeydrops gra muzyk\u0119 weso\u0142\u0105 (cho\u0107 czasami wyciskaj\u0105c\u0105 \u0142zy tak\u017ce), szorstk\u0105 i sprawiaj\u0105c\u0105 przyjemno\u015b\u0107 i publiczno\u015bci, i muzykom. Pianista\u00a0&#8211; Chris Burns mimo, i\u017c jest starszy ni\u017c pozostali arty\u015bci, gra z takim temperamentem, \u017ce czasem mo\u017cna obawia\u0107 si\u0119 o ca\u0142o\u015b\u0107 instrumentu. Ben Malament i Nansamba Ssensalo graj\u0105 na wszelkich instrumentach perkusyjnych,\u00a0 w tym na soul tube czyli wiadrze i kiju od szczotki z naci\u0105gni\u0119t\u0105 strun\u0105 a tak\u017ce \u015bpiewaj\u0105. Nansamba jest tak\u017ce mistrzyni\u0105 gry na tarce. A tarka jak wiadomo to podstawowy instrument perkusyjny w starych zespo\u0142ach w Nowym Orleanie. Liderem zespo\u0142u jest Le\u015b Wierzy\u0144ski (syn Macieja i Ewy czyli naszych przyjaci\u00f3\u0142 od lat siedemdziesi\u0105tych). Le\u015b gra na tr\u0105bce, gitarze, \u015bpiewa, komponuje oraz pisze teksty. Jest nie po raz pierwszy w Polsce. Gra\u0142 tu na weselu swego starszego brata Grzesia (obaj w tym celu przyjechali do kraju swej babci) a tak\u017ce na okr\u0105g\u0142ych urodzinach taty czyli Macieja wybitnego dziennikarza TVN. Grupa muzyczna Lesia wyst\u0119powa\u0142a te\u017c na festiwalu Rawa Blues a teraz na koncertach w kilku miastach zorganizowanych z okazji 4 Lipca czyli \u015bwi\u0119ta narodowego Stan\u00f3w. Koncert pu\u0142tuski by\u0142 bardzo udany. O czym \u015bwiadczy liczba s\u0142uchaczy karnie stoj\u0105cych w kolejce po kupno p\u0142yty nagranej przez kalifornijski zesp\u00f3\u0142.<\/p>\n<p><img loading=\"lazy\" decoding=\"async\" class=\"aligncenter size-full wp-image-1012\" title=\"california-lecinop7040089\" src=\"\/wp-content\/uploads\/2009\/07\/california-lecinop7040089.jpg\" alt=\"\" width=\"500\" height=\"375\" srcset=\"\/adamczewski\/wp-content\/uploads\/2009\/07\/california-lecinop7040089.jpg 640w, \/adamczewski\/wp-content\/uploads\/2009\/07\/california-lecinop7040089-300x225.jpg 300w\" sizes=\"(max-width: 500px) 100vw, 500px\" \/><\/p>\n<p><em>California Honeydrops w pe\u0142nej krasie<\/em><\/p>\n<p><img loading=\"lazy\" decoding=\"async\" class=\"aligncenter size-full wp-image-1013\" title=\"lesio-lecinop7040087\" src=\"\/wp-content\/uploads\/2009\/07\/lesio-lecinop7040087.jpg\" alt=\"\" width=\"480\" height=\"640\" srcset=\"\/adamczewski\/wp-content\/uploads\/2009\/07\/lesio-lecinop7040087.jpg 480w, \/adamczewski\/wp-content\/uploads\/2009\/07\/lesio-lecinop7040087-225x300.jpg 225w\" sizes=\"(max-width: 480px) 100vw, 480px\" \/><\/p>\n<p><em>Le\u015b Wierzy\u0144ski spiewa, gra na tr\u0105bce i gitarze<\/em><\/p>\n<p>Wyje\u017cd\u017caj\u0105c z Pu\u0142tuska zauwa\u017cyli\u015bmy kolejny powiew wielkiego \u015bwiata. Na wprost dworca autobusowego pojawi\u0142 si\u0119 szyld Kebab Cezar i reklama sztandarowego dania: \u017bur w chlebie. Wszyscy w\u0142a\u015bciciele kebab\u00f3w powinni przej\u015b\u0107 praktyk\u0119 w naszym mie\u015bcie. \u017bur w chlebie opanuje Bliski Wschod!<\/p>\n<p>Niedziela te\u017c by\u0142a udana i to mimo deszczu, kt\u00f3ry nas wyp\u0142oszy\u0142 zza sto\u0142u stojacego w lesie obok werandy. Go\u015bcie zd\u0105\u017cyli tylko wypi\u0107 po kieliszku szampana ( by\u0142a okazja czyli \u015bwi\u0119to Basi) oraz espresso i gdy kropelki d\u017cd\u017cu zel\u017ca\u0142y biegiem pognali\u015bmy pod prawdziwy dach.<\/p>\n<p><img loading=\"lazy\" decoding=\"async\" class=\"aligncenter size-full wp-image-1014\" title=\"wino-lecino-p7050093\" src=\"\/wp-content\/uploads\/2009\/07\/wino-lecino-p7050093.jpg\" alt=\"\" width=\"500\" height=\"375\" srcset=\"\/adamczewski\/wp-content\/uploads\/2009\/07\/wino-lecino-p7050093.jpg 640w, \/adamczewski\/wp-content\/uploads\/2009\/07\/wino-lecino-p7050093-300x225.jpg 300w\" sizes=\"(max-width: 500px) 100vw, 500px\" \/><\/p>\n<p><em>Na powitanie go\u015bci Veuve Cliquot a do drugiego dania chianti<\/em><\/p>\n<p>Uroczysty obiad zrekompensowa\u0142 niedogodno\u015bci pogodowe. Na przek\u0105sk\u0119 Basia poda\u0142a\u00a0 mi\u0119sko w\u0119dzonego dorsza pozbawionego o\u015bci i kr\u0119gos\u0142upa zmieszane ze start\u0105 marchewk\u0105 oraz majonezem. Do tego sa\u0142ata z rukoli z rodzynkami oraz dwoma gatunkami sera: startym parmezanem i p\u0142atkami oscypka. Tej przek\u0105sce towarzyszy\u0142o zimne soave.<\/p>\n<p>Potem na st\u00f3\u0142 wjecha\u0142y dwie zupy: klarowny z\u0142ocisty ros\u00f3\u0142 z wiejskiej kury oraz ch\u0142odnik z pomidor\u00f3w z jajkiem na twardo.<\/p>\n<p><img loading=\"lazy\" decoding=\"async\" class=\"aligncenter size-full wp-image-1015\" title=\"kaczki-lecino-p7050093\" src=\"\/wp-content\/uploads\/2009\/07\/kaczki-lecino-p7050093.jpg\" alt=\"\" width=\"500\" height=\"375\" srcset=\"\/adamczewski\/wp-content\/uploads\/2009\/07\/kaczki-lecino-p7050093.jpg 640w, \/adamczewski\/wp-content\/uploads\/2009\/07\/kaczki-lecino-p7050093-300x225.jpg 300w\" sizes=\"(max-width: 500px) 100vw, 500px\" \/><\/p>\n<p><em>Kaczki faszerowane wieprzowin\u0105 z grzybkami mun<\/em><\/p>\n<p>Danie g\u0142\u00f3wne (w moim wykonaniu) to kaczka pieczona faszerowana mielon\u0105 wieprzowin\u0105 z peperoncino, sosem sojowym i czosnkiem. Do tego makaron sojowy a winne uzupe\u0142nienie stanowi\u0142o wspania\u0142e Chianti classico riserva 2004 il Molino Grace. P\u0142yn naprawd\u0119 godny uwagi. Pili\u015bmy owo chianti po raz pierwszy ale na pewno nie po raz ostatni. I to mimo jego niema\u0142ej ceny.<\/p>\n<p><img loading=\"lazy\" decoding=\"async\" class=\"aligncenter size-full wp-image-1016\" title=\"jagody-lecino-p6200032\" src=\"\/wp-content\/uploads\/2009\/07\/jagody-lecino-p6200032.jpg\" alt=\"\" width=\"480\" height=\"640\" srcset=\"\/adamczewski\/wp-content\/uploads\/2009\/07\/jagody-lecino-p6200032.jpg 480w, \/adamczewski\/wp-content\/uploads\/2009\/07\/jagody-lecino-p6200032-225x300.jpg 225w\" sizes=\"(max-width: 480px) 100vw, 480px\" \/><\/p>\n<p><em>Bor\u00f3wki kaukaskie, truskawki i czere\u015bnie by\u0142y ju\u017c tylko dodatkiem do deseru<\/em><\/p>\n<p>\u00a0<\/p>\n<p>Na deser sernik, kawa, herbata. I rozmowy, kt\u00f3rych oczywi\u015bcie nie przytocz\u0119, bo by\u0142o to ca\u0142kowicie prywatne spotkanie. Mog\u0119 tylko zaprezentowa\u0107 niekt\u00f3re jego elementy na odpowiednio dobranych zdj\u0119ciach.<\/p>\n","protected":false},"excerpt":{"rendered":"<p>W gor\u0105ce i s\u0142oneczne sobotnie popo\u0142udnie na scenie amfiteatru zamkowego w Pu\u0142tusku rozleg\u0142y si\u0119 d\u017awi\u0119ki wspania\u0142ego jazzu tradycyjnego. I nie takiego ug\u0142adzonego, s\u0142odkiego, granego dla wyrobionej i os\u0142uchanej\u00a0 publiczno\u015bci, kt\u00f3ra zna wszystkie p\u0142yty i puszcza je sobie przed snem. California Honeydrops gra muzyk\u0119 weso\u0142\u0105 (cho\u0107 czasami wyciskaj\u0105c\u0105 \u0142zy tak\u017ce), szorstk\u0105 i sprawiaj\u0105c\u0105 przyjemno\u015b\u0107 i publiczno\u015bci, [&hellip;]<\/p>\n","protected":false},"author":2,"featured_media":0,"comment_status":"open","ping_status":"open","sticky":false,"template":"","format":"standard","meta":{"footnotes":""},"categories":[1],"tags":[],"_links":{"self":[{"href":"https:\/\/blog.polityka.pl\/adamczewski\/wp-json\/wp\/v2\/posts\/1006"}],"collection":[{"href":"https:\/\/blog.polityka.pl\/adamczewski\/wp-json\/wp\/v2\/posts"}],"about":[{"href":"https:\/\/blog.polityka.pl\/adamczewski\/wp-json\/wp\/v2\/types\/post"}],"author":[{"embeddable":true,"href":"https:\/\/blog.polityka.pl\/adamczewski\/wp-json\/wp\/v2\/users\/2"}],"replies":[{"embeddable":true,"href":"https:\/\/blog.polityka.pl\/adamczewski\/wp-json\/wp\/v2\/comments?post=1006"}],"version-history":[{"count":0,"href":"https:\/\/blog.polityka.pl\/adamczewski\/wp-json\/wp\/v2\/posts\/1006\/revisions"}],"wp:attachment":[{"href":"https:\/\/blog.polityka.pl\/adamczewski\/wp-json\/wp\/v2\/media?parent=1006"}],"wp:term":[{"taxonomy":"category","embeddable":true,"href":"https:\/\/blog.polityka.pl\/adamczewski\/wp-json\/wp\/v2\/categories?post=1006"},{"taxonomy":"post_tag","embeddable":true,"href":"https:\/\/blog.polityka.pl\/adamczewski\/wp-json\/wp\/v2\/tags?post=1006"}],"curies":[{"name":"wp","href":"https:\/\/api.w.org\/{rel}","templated":true}]}}