
{"id":10060,"date":"2008-11-24T07:02:47","date_gmt":"2008-11-24T06:02:47","guid":{"rendered":"http:\/\/adamczewscy.pl\/?p=2224"},"modified":"2008-11-24T07:02:47","modified_gmt":"2008-11-24T06:02:47","slug":"latwy-tort","status":"publish","type":"post","link":"https:\/\/blog.polityka.pl\/adamczewski\/2008\/11\/24\/latwy-tort\/","title":{"rendered":"\u0141atwy tort"},"content":{"rendered":"<p><em>Na ciasto: szklanka m\u0105ki, p\u00f3\u0142torej szklanki cukru, 4 jajka, p\u0142aska \u0142y\u017ceczka proszku do pieczenia, cukier waniliowy. \u0141y\u017ceczka mas\u0142a do wysmarowania tortownicy (\u015brednicy ok. 20 cm)<br \/>\nNa krem: kostka mas\u0142a, cukier puder do smaku szklanka \u015bmietany 18-proc. cukier waniliowy, \u017c\u00f3\u0142tko.\u00a0<\/em><\/p>\n<p>1. W dok\u0142adnie zmiksowa\u0107 wszystkie sk\u0142adniki ciasta, przela\u0107 je do wysmarowanej mas\u0142em tortownicy i upiec biszkopt w temperaturze 180 st C.<br \/>\n2. Utrze\u0107 mikserem mi\u0119kkie mas\u0142o, doda\u0107 w trakcie ucierania cukier i \u017c\u00f3\u0142tko oraz po trochu cukier waniliowy i \u015bmietan\u0119.<br \/>\n3. Przeci\u0105\u0107 placek na p\u00f3\u0142, prze\u0142o\u017cy\u0107 kremem, pozosta\u0142ym posmarowa\u0107 torcik z wierzchu i po bokach.<\/p>\n","protected":false},"excerpt":{"rendered":"<p>Na ciasto: szklanka m\u0105ki, p\u00f3\u0142torej szklanki cukru, 4 jajka, p\u0142aska \u0142y\u017ceczka proszku do pieczenia, cukier waniliowy. \u0141y\u017ceczka mas\u0142a do wysmarowania tortownicy (\u015brednicy ok. 20 cm) Na krem: kostka mas\u0142a, cukier puder do smaku szklanka \u015bmietany 18-proc. cukier waniliowy, \u017c\u00f3\u0142tko.\u00a0 1. W dok\u0142adnie zmiksowa\u0107 wszystkie sk\u0142adniki ciasta, przela\u0107 je do wysmarowanej mas\u0142em tortownicy i upiec biszkopt [&hellip;]<\/p>\n","protected":false},"author":2,"featured_media":0,"comment_status":"open","ping_status":"open","sticky":false,"template":"","format":"standard","meta":{"footnotes":""},"categories":[1],"tags":[],"_links":{"self":[{"href":"https:\/\/blog.polityka.pl\/adamczewski\/wp-json\/wp\/v2\/posts\/10060"}],"collection":[{"href":"https:\/\/blog.polityka.pl\/adamczewski\/wp-json\/wp\/v2\/posts"}],"about":[{"href":"https:\/\/blog.polityka.pl\/adamczewski\/wp-json\/wp\/v2\/types\/post"}],"author":[{"embeddable":true,"href":"https:\/\/blog.polityka.pl\/adamczewski\/wp-json\/wp\/v2\/users\/2"}],"replies":[{"embeddable":true,"href":"https:\/\/blog.polityka.pl\/adamczewski\/wp-json\/wp\/v2\/comments?post=10060"}],"version-history":[{"count":0,"href":"https:\/\/blog.polityka.pl\/adamczewski\/wp-json\/wp\/v2\/posts\/10060\/revisions"}],"wp:attachment":[{"href":"https:\/\/blog.polityka.pl\/adamczewski\/wp-json\/wp\/v2\/media?parent=10060"}],"wp:term":[{"taxonomy":"category","embeddable":true,"href":"https:\/\/blog.polityka.pl\/adamczewski\/wp-json\/wp\/v2\/categories?post=10060"},{"taxonomy":"post_tag","embeddable":true,"href":"https:\/\/blog.polityka.pl\/adamczewski\/wp-json\/wp\/v2\/tags?post=10060"}],"curies":[{"name":"wp","href":"https:\/\/api.w.org\/{rel}","templated":true}]}}