
{"id":10061,"date":"2008-11-24T07:03:16","date_gmt":"2008-11-24T06:03:16","guid":{"rendered":"http:\/\/adamczewscy.pl\/?p=2225"},"modified":"2008-11-24T07:03:16","modified_gmt":"2008-11-24T06:03:16","slug":"karpatka-kremowa","status":"publish","type":"post","link":"https:\/\/blog.polityka.pl\/adamczewski\/2008\/11\/24\/karpatka-kremowa\/","title":{"rendered":"Karpatka kremowa"},"content":{"rendered":"<p><em>Na ciasto: szklanka wody, p\u00f3\u0142 kostki mas\u0142a, szklanka m\u0105ki, 5 jaj, \u0142y\u017ceczka proszku do pieczenia, szczypta soli.<br \/>\nNa krem: 2 szklanki mleka, 3 \u0142y\u017cki m\u0105ki pszennej, 2 \u0142y\u017cki m\u0105ki ziemniaczanej, 2 cukry waniliowe, kostka mas\u0142a, 3\/4 szklanki cukru, 2 \u0142y\u017cki spirytusu lub innego mocnego alkoholu.\u00a0<\/em><\/p>\n<p>1. Zagotowa\u0107 wod\u0119 z mas\u0142em, mieszaj\u0105c doda\u0107 m\u0105k\u0119, a kiedy masa stanie si\u0119 g\u0142adka odstawi\u0107 do lekkiego przestudzenia.<br \/>\n2. Do lekko ciep\u0142ej masy wbija\u0107 po jednym  jajka ci\u0105gle mieszaj\u0105c, doda\u0107 proszek do pieczenia i starannie wymiesza\u0107.<br \/>\n3. Ciasto podzieli\u0107 na dwie cz\u0119\u015bci i rozsmarowa\u0107 na arkuszach papieru do wypiek\u00f3w. Piec 40 minut w temperaturze 180 st C.<br \/>\n4. Przygotowa\u0107 krem: wymiesza\u0107 mleko, m\u0105k\u0119 pszenn\u0105 i ziemniaczan\u0105 oraz cukier i mieszaj\u0105c ugotowa\u0107 budy\u0144. Ostudzi\u0107.<br \/>\n5. Mas\u0142o utrze\u0107 na puszyst\u0105 mas\u0119, dodawa\u0107 po trochu budy\u0144.<br \/>\n6. Ciasto prze\u0142o\u017cy\u0107 kremem, posypa\u0107 po wierzchu cukrem pudrem i pokroi\u0107 na porcje.<\/p>\n","protected":false},"excerpt":{"rendered":"<p>Na ciasto: szklanka wody, p\u00f3\u0142 kostki mas\u0142a, szklanka m\u0105ki, 5 jaj, \u0142y\u017ceczka proszku do pieczenia, szczypta soli. Na krem: 2 szklanki mleka, 3 \u0142y\u017cki m\u0105ki pszennej, 2 \u0142y\u017cki m\u0105ki ziemniaczanej, 2 cukry waniliowe, kostka mas\u0142a, 3\/4 szklanki cukru, 2 \u0142y\u017cki spirytusu lub innego mocnego alkoholu.\u00a0 1. Zagotowa\u0107 wod\u0119 z mas\u0142em, mieszaj\u0105c doda\u0107 m\u0105k\u0119, a kiedy [&hellip;]<\/p>\n","protected":false},"author":2,"featured_media":0,"comment_status":"open","ping_status":"open","sticky":false,"template":"","format":"standard","meta":{"footnotes":""},"categories":[1],"tags":[],"_links":{"self":[{"href":"https:\/\/blog.polityka.pl\/adamczewski\/wp-json\/wp\/v2\/posts\/10061"}],"collection":[{"href":"https:\/\/blog.polityka.pl\/adamczewski\/wp-json\/wp\/v2\/posts"}],"about":[{"href":"https:\/\/blog.polityka.pl\/adamczewski\/wp-json\/wp\/v2\/types\/post"}],"author":[{"embeddable":true,"href":"https:\/\/blog.polityka.pl\/adamczewski\/wp-json\/wp\/v2\/users\/2"}],"replies":[{"embeddable":true,"href":"https:\/\/blog.polityka.pl\/adamczewski\/wp-json\/wp\/v2\/comments?post=10061"}],"version-history":[{"count":0,"href":"https:\/\/blog.polityka.pl\/adamczewski\/wp-json\/wp\/v2\/posts\/10061\/revisions"}],"wp:attachment":[{"href":"https:\/\/blog.polityka.pl\/adamczewski\/wp-json\/wp\/v2\/media?parent=10061"}],"wp:term":[{"taxonomy":"category","embeddable":true,"href":"https:\/\/blog.polityka.pl\/adamczewski\/wp-json\/wp\/v2\/categories?post=10061"},{"taxonomy":"post_tag","embeddable":true,"href":"https:\/\/blog.polityka.pl\/adamczewski\/wp-json\/wp\/v2\/tags?post=10061"}],"curies":[{"name":"wp","href":"https:\/\/api.w.org\/{rel}","templated":true}]}}