
{"id":10062,"date":"2008-11-24T07:03:59","date_gmt":"2008-11-24T06:03:59","guid":{"rendered":"http:\/\/adamczewscy.pl\/?p=2226"},"modified":"2008-11-24T07:03:59","modified_gmt":"2008-11-24T06:03:59","slug":"kapusta-z-miesem-po-chinsku","status":"publish","type":"post","link":"https:\/\/blog.polityka.pl\/adamczewski\/2008\/11\/24\/kapusta-z-miesem-po-chinsku\/","title":{"rendered":"Kapusta z mi\u0119sem po chi\u0144sku"},"content":{"rendered":"<p><em>40 dag wieprzowiny od szynki, ma\u0142a g\u0142\u00f3wka niezbyt \u015bcis\u0142ej bia\u0142ej kapusty, czerwona papryka, por, szklanka kie\u0142k\u00f3w sojowych, p\u00f3\u0142 szklanki roso\u0142u z kostki, 5 \u0142y\u017cek sosu sojowego, 3 \u0142y\u017cki oleju s\u0142onecznikowego, s\u00f3l, pieprz.\u00a0<\/em><\/p>\n<p>1. Mi\u0119so pokroi\u0107 w cienkie plasterki,  a nast\u0119pnie w cienkie paski. Kapust\u0119 po usuni\u0119ciu g\u0142\u0105ba pokroi\u0107 na spore kawa\u0142ki. Papryk\u0119 pokroi\u0107 w cienkie kr\u0105\u017cki, pora w talarki.<br \/>\n2. W g\u0142\u0119bokiej patelni (lub woku) rozgrza\u0107 olej, zrumieni\u0107 na nim paski wieprzowiny, wyj\u0105\u0107 je i na tym samym t\u0142uszczu podsma\u017cy\u0107 kapust\u0119, po czym dola\u0107 ros\u00f3\u0142 i dusi\u0107 j\u0105 pod przykryciem oko\u0142o 15 minut. Pod koniec doda\u0107 papryk\u0119, pora i kie\u0142ki sojowe.<br \/>\n3. Doda\u0107 do warzyw podsma\u017cone mi\u0119so, podgrzewa\u0107 wszystko razem doprawiaj\u0105c sol\u0105 i pieprzem oraz sosem sojowym.<\/p>\n<p>Potrawa ta doskonale komponuje si\u0119 z ry\u017cem lub makaronem sojowym.<\/p>\n","protected":false},"excerpt":{"rendered":"<p>40 dag wieprzowiny od szynki, ma\u0142a g\u0142\u00f3wka niezbyt \u015bcis\u0142ej bia\u0142ej kapusty, czerwona papryka, por, szklanka kie\u0142k\u00f3w sojowych, p\u00f3\u0142 szklanki roso\u0142u z kostki, 5 \u0142y\u017cek sosu sojowego, 3 \u0142y\u017cki oleju s\u0142onecznikowego, s\u00f3l, pieprz.\u00a0 1. Mi\u0119so pokroi\u0107 w cienkie plasterki, a nast\u0119pnie w cienkie paski. Kapust\u0119 po usuni\u0119ciu g\u0142\u0105ba pokroi\u0107 na spore kawa\u0142ki. Papryk\u0119 pokroi\u0107 w cienkie [&hellip;]<\/p>\n","protected":false},"author":2,"featured_media":0,"comment_status":"open","ping_status":"open","sticky":false,"template":"","format":"standard","meta":{"footnotes":""},"categories":[1],"tags":[],"_links":{"self":[{"href":"https:\/\/blog.polityka.pl\/adamczewski\/wp-json\/wp\/v2\/posts\/10062"}],"collection":[{"href":"https:\/\/blog.polityka.pl\/adamczewski\/wp-json\/wp\/v2\/posts"}],"about":[{"href":"https:\/\/blog.polityka.pl\/adamczewski\/wp-json\/wp\/v2\/types\/post"}],"author":[{"embeddable":true,"href":"https:\/\/blog.polityka.pl\/adamczewski\/wp-json\/wp\/v2\/users\/2"}],"replies":[{"embeddable":true,"href":"https:\/\/blog.polityka.pl\/adamczewski\/wp-json\/wp\/v2\/comments?post=10062"}],"version-history":[{"count":0,"href":"https:\/\/blog.polityka.pl\/adamczewski\/wp-json\/wp\/v2\/posts\/10062\/revisions"}],"wp:attachment":[{"href":"https:\/\/blog.polityka.pl\/adamczewski\/wp-json\/wp\/v2\/media?parent=10062"}],"wp:term":[{"taxonomy":"category","embeddable":true,"href":"https:\/\/blog.polityka.pl\/adamczewski\/wp-json\/wp\/v2\/categories?post=10062"},{"taxonomy":"post_tag","embeddable":true,"href":"https:\/\/blog.polityka.pl\/adamczewski\/wp-json\/wp\/v2\/tags?post=10062"}],"curies":[{"name":"wp","href":"https:\/\/api.w.org\/{rel}","templated":true}]}}