
{"id":10064,"date":"2008-12-01T07:08:48","date_gmt":"2008-12-01T06:08:48","guid":{"rendered":"http:\/\/adamczewscy.pl\/?p=2229"},"modified":"2008-12-01T07:08:48","modified_gmt":"2008-12-01T06:08:48","slug":"zupa-ze-szpinaku-z-dodatkiem-sera-rokpol","status":"publish","type":"post","link":"https:\/\/blog.polityka.pl\/adamczewski\/2008\/12\/01\/zupa-ze-szpinaku-z-dodatkiem-sera-rokpol\/","title":{"rendered":"Zupa ze szpinaku z dodatkiem sera rokpol"},"content":{"rendered":"<p><em>4 szklanki wywaru z w\u0142oszczyzny lub roso\u0142u warzywnego z kostki, 1 kg listk\u00f3w szpinakowych, s\u00f3l, pieprz, sos sojowy do smaku, 4 \u0142y\u017cki \u015bmietany.<br \/>\nJako dodatek :15 dag pokrojonego w niewielkie s\u0142upki sera rokpol.\u00a0<\/em><\/p>\n<p>1. Wywar Warzyny lub ros\u00f3\u0142 warzywny zagotowa\u0107, wrzuci\u0107 pozbawione szypu\u0142ek i umyte oraz ods\u0105czone li\u015bcie szpinaku, zagotowa\u0107, zmiksowa\u0107.<br \/>\n2. Do zupy doda\u0107 sos sojowy i s\u00f3l oraz pieprz do smaku. Zaprawi\u0107 \u015bmietan\u0105 wlewaj\u0105c najpierw \u0142y\u017ck\u0119 gor\u0105cej zupy, a nast\u0119pnie, po wymieszaniu, \u0142\u0105cz\u0105c z ca\u0142\u0105 zupa.<br \/>\n3. Do ka\u017cdej porcji zupy wk\u0142adana wierzch po trochu pokrojonego rokpolu.<\/p>\n","protected":false},"excerpt":{"rendered":"<p>4 szklanki wywaru z w\u0142oszczyzny lub roso\u0142u warzywnego z kostki, 1 kg listk\u00f3w szpinakowych, s\u00f3l, pieprz, sos sojowy do smaku, 4 \u0142y\u017cki \u015bmietany. Jako dodatek :15 dag pokrojonego w niewielkie s\u0142upki sera rokpol.\u00a0 1. Wywar Warzyny lub ros\u00f3\u0142 warzywny zagotowa\u0107, wrzuci\u0107 pozbawione szypu\u0142ek i umyte oraz ods\u0105czone li\u015bcie szpinaku, zagotowa\u0107, zmiksowa\u0107. 2. Do zupy doda\u0107 [&hellip;]<\/p>\n","protected":false},"author":2,"featured_media":0,"comment_status":"open","ping_status":"open","sticky":false,"template":"","format":"standard","meta":{"footnotes":""},"categories":[1],"tags":[],"_links":{"self":[{"href":"https:\/\/blog.polityka.pl\/adamczewski\/wp-json\/wp\/v2\/posts\/10064"}],"collection":[{"href":"https:\/\/blog.polityka.pl\/adamczewski\/wp-json\/wp\/v2\/posts"}],"about":[{"href":"https:\/\/blog.polityka.pl\/adamczewski\/wp-json\/wp\/v2\/types\/post"}],"author":[{"embeddable":true,"href":"https:\/\/blog.polityka.pl\/adamczewski\/wp-json\/wp\/v2\/users\/2"}],"replies":[{"embeddable":true,"href":"https:\/\/blog.polityka.pl\/adamczewski\/wp-json\/wp\/v2\/comments?post=10064"}],"version-history":[{"count":0,"href":"https:\/\/blog.polityka.pl\/adamczewski\/wp-json\/wp\/v2\/posts\/10064\/revisions"}],"wp:attachment":[{"href":"https:\/\/blog.polityka.pl\/adamczewski\/wp-json\/wp\/v2\/media?parent=10064"}],"wp:term":[{"taxonomy":"category","embeddable":true,"href":"https:\/\/blog.polityka.pl\/adamczewski\/wp-json\/wp\/v2\/categories?post=10064"},{"taxonomy":"post_tag","embeddable":true,"href":"https:\/\/blog.polityka.pl\/adamczewski\/wp-json\/wp\/v2\/tags?post=10064"}],"curies":[{"name":"wp","href":"https:\/\/api.w.org\/{rel}","templated":true}]}}