
{"id":10065,"date":"2008-12-01T07:09:55","date_gmt":"2008-12-01T06:09:55","guid":{"rendered":"http:\/\/adamczewscy.pl\/?p=2230"},"modified":"2008-12-01T07:09:55","modified_gmt":"2008-12-01T06:09:55","slug":"steki-z-tatara","status":"publish","type":"post","link":"https:\/\/blog.polityka.pl\/adamczewski\/2008\/12\/01\/steki-z-tatara\/","title":{"rendered":"Steki z tatara"},"content":{"rendered":"<p><em>60 dag tatara, \u0142y\u017ceczka tartej bu\u0142ki, p\u00f3\u0142 szklanki mleka, \u017c\u00f3\u0142tko, \u0142y\u017ceczka posiekanej cebuli, pieprz, s\u00f3l, 4 \u0142y\u017cki oliwy lub oleju, 2 \u0142y\u017cki mas\u0142a. Do panierowania: \u0142y\u017cka maki.\u00a0<\/em><\/p>\n<p>1. Tart\u0105 bu\u0142k\u0119 zala\u0107 mlekiem i odstawi\u0107, aby wch\u0142on\u0119\u0142a p\u0142yn.<br \/>\n2. Posiekan\u0105 cebul\u0119 pola\u0107 wrz\u0105c\u0105 wod\u0105.<br \/>\n3. Po\u0142\u0105czy\u0107 mi\u0119so z cebul\u0105, namoczon\u0105 bu\u0142k\u0105, sol\u0105, pieprzem.<br \/>\n4. Formowa\u0107 okr\u0105g\u0142e p\u0142askie steki, panierowa\u0107 w m\u0105ce. Sma\u017cy\u0107 na rozgrzanym ma\u015ble z oliw\u0105 lub olejem.<br \/>\nPodawa\u0107 steki z frytkami lub ry\u017cem na sypko.<\/p>\n","protected":false},"excerpt":{"rendered":"<p>60 dag tatara, \u0142y\u017ceczka tartej bu\u0142ki, p\u00f3\u0142 szklanki mleka, \u017c\u00f3\u0142tko, \u0142y\u017ceczka posiekanej cebuli, pieprz, s\u00f3l, 4 \u0142y\u017cki oliwy lub oleju, 2 \u0142y\u017cki mas\u0142a. Do panierowania: \u0142y\u017cka maki.\u00a0 1. Tart\u0105 bu\u0142k\u0119 zala\u0107 mlekiem i odstawi\u0107, aby wch\u0142on\u0119\u0142a p\u0142yn. 2. Posiekan\u0105 cebul\u0119 pola\u0107 wrz\u0105c\u0105 wod\u0105. 3. Po\u0142\u0105czy\u0107 mi\u0119so z cebul\u0105, namoczon\u0105 bu\u0142k\u0105, sol\u0105, pieprzem. 4. Formowa\u0107 okr\u0105g\u0142e [&hellip;]<\/p>\n","protected":false},"author":2,"featured_media":0,"comment_status":"open","ping_status":"open","sticky":false,"template":"","format":"standard","meta":{"footnotes":""},"categories":[1],"tags":[],"_links":{"self":[{"href":"https:\/\/blog.polityka.pl\/adamczewski\/wp-json\/wp\/v2\/posts\/10065"}],"collection":[{"href":"https:\/\/blog.polityka.pl\/adamczewski\/wp-json\/wp\/v2\/posts"}],"about":[{"href":"https:\/\/blog.polityka.pl\/adamczewski\/wp-json\/wp\/v2\/types\/post"}],"author":[{"embeddable":true,"href":"https:\/\/blog.polityka.pl\/adamczewski\/wp-json\/wp\/v2\/users\/2"}],"replies":[{"embeddable":true,"href":"https:\/\/blog.polityka.pl\/adamczewski\/wp-json\/wp\/v2\/comments?post=10065"}],"version-history":[{"count":0,"href":"https:\/\/blog.polityka.pl\/adamczewski\/wp-json\/wp\/v2\/posts\/10065\/revisions"}],"wp:attachment":[{"href":"https:\/\/blog.polityka.pl\/adamczewski\/wp-json\/wp\/v2\/media?parent=10065"}],"wp:term":[{"taxonomy":"category","embeddable":true,"href":"https:\/\/blog.polityka.pl\/adamczewski\/wp-json\/wp\/v2\/categories?post=10065"},{"taxonomy":"post_tag","embeddable":true,"href":"https:\/\/blog.polityka.pl\/adamczewski\/wp-json\/wp\/v2\/tags?post=10065"}],"curies":[{"name":"wp","href":"https:\/\/api.w.org\/{rel}","templated":true}]}}