
{"id":10066,"date":"2008-12-01T07:11:04","date_gmt":"2008-12-01T06:11:04","guid":{"rendered":"http:\/\/adamczewscy.pl\/?p=2231"},"modified":"2008-12-01T07:11:04","modified_gmt":"2008-12-01T06:11:04","slug":"kurczak-z-bananami","status":"publish","type":"post","link":"https:\/\/blog.polityka.pl\/adamczewski\/2008\/12\/01\/kurczak-z-bananami\/","title":{"rendered":"Kurczak z bananami"},"content":{"rendered":"<p><em>Kurczak, 6 \u0142y\u017cek oliwy z oliwek, \u0142y\u017cka mas\u0142a, 5 banan\u00f3w, szczypta imbiru mielonego, s\u00f3l, pieprz, 4 banany.\u00a0<\/em><\/p>\n<p>1. Kurczaka umy\u0107, osuszy\u0107, podzieli\u0107 na kawa\u0142ki, posypa\u0107 sol\u0105 i pieprzem.<br \/>\n2. Na patelni rozgrza\u0107 oliw\u0119 z oliwek, obsma\u017cy\u0107 wszystkie kawa\u0142ki kurczaka, podla\u0107 kilkoma \u0142y\u017ckami wody i dusi\u0107 kurczaka oko\u0142o godziny.<br \/>\n3. Banany obra\u0107 ze sk\u00f3rki, obsma\u017cy\u0107 silnie na rozgrzanym ma\u015ble, pokroi\u0107 na plasterki.<br \/>\n4. Gotowego kurczaka ob\u0142o\u017cy\u0107 na p\u00f3\u0142misku gor\u0105cymi kr\u0105\u017ckami banana.<\/p>\n","protected":false},"excerpt":{"rendered":"<p>Kurczak, 6 \u0142y\u017cek oliwy z oliwek, \u0142y\u017cka mas\u0142a, 5 banan\u00f3w, szczypta imbiru mielonego, s\u00f3l, pieprz, 4 banany.\u00a0 1. Kurczaka umy\u0107, osuszy\u0107, podzieli\u0107 na kawa\u0142ki, posypa\u0107 sol\u0105 i pieprzem. 2. Na patelni rozgrza\u0107 oliw\u0119 z oliwek, obsma\u017cy\u0107 wszystkie kawa\u0142ki kurczaka, podla\u0107 kilkoma \u0142y\u017ckami wody i dusi\u0107 kurczaka oko\u0142o godziny. 3. Banany obra\u0107 ze sk\u00f3rki, obsma\u017cy\u0107 silnie [&hellip;]<\/p>\n","protected":false},"author":2,"featured_media":0,"comment_status":"open","ping_status":"open","sticky":false,"template":"","format":"standard","meta":{"footnotes":""},"categories":[1],"tags":[],"_links":{"self":[{"href":"https:\/\/blog.polityka.pl\/adamczewski\/wp-json\/wp\/v2\/posts\/10066"}],"collection":[{"href":"https:\/\/blog.polityka.pl\/adamczewski\/wp-json\/wp\/v2\/posts"}],"about":[{"href":"https:\/\/blog.polityka.pl\/adamczewski\/wp-json\/wp\/v2\/types\/post"}],"author":[{"embeddable":true,"href":"https:\/\/blog.polityka.pl\/adamczewski\/wp-json\/wp\/v2\/users\/2"}],"replies":[{"embeddable":true,"href":"https:\/\/blog.polityka.pl\/adamczewski\/wp-json\/wp\/v2\/comments?post=10066"}],"version-history":[{"count":0,"href":"https:\/\/blog.polityka.pl\/adamczewski\/wp-json\/wp\/v2\/posts\/10066\/revisions"}],"wp:attachment":[{"href":"https:\/\/blog.polityka.pl\/adamczewski\/wp-json\/wp\/v2\/media?parent=10066"}],"wp:term":[{"taxonomy":"category","embeddable":true,"href":"https:\/\/blog.polityka.pl\/adamczewski\/wp-json\/wp\/v2\/categories?post=10066"},{"taxonomy":"post_tag","embeddable":true,"href":"https:\/\/blog.polityka.pl\/adamczewski\/wp-json\/wp\/v2\/tags?post=10066"}],"curies":[{"name":"wp","href":"https:\/\/api.w.org\/{rel}","templated":true}]}}