
{"id":10067,"date":"2008-12-08T10:05:02","date_gmt":"2008-12-08T09:05:02","guid":{"rendered":"http:\/\/adamczewscy.pl\/?p=2234"},"modified":"2008-12-08T10:05:02","modified_gmt":"2008-12-08T09:05:02","slug":"kokosowa-tarta","status":"publish","type":"post","link":"https:\/\/blog.polityka.pl\/adamczewski\/2008\/12\/08\/kokosowa-tarta\/","title":{"rendered":"Kokosowa tarta"},"content":{"rendered":"<p><em>Na ciasto: 2 szklanki m\u0105ki,15 dag (3\/4 kostki) mas\u0142a, 2 \u017c\u00f3\u0142tka, p\u00f3\u0142 szklanki cukru pudru, 2 \u0142y\u017cki \u015bmietany 18-proc., niewielka szczypta soli.<br \/>\nNa  nadzienie: szklanka wi\u00f3rk\u00f3w kokosowych, szklanka cukru, 3 jaja, 5 \u0142y\u017cek mas\u0142a, 4 \u0142y\u017cki kwa\u015bnej \u015bmietany, dowolny zapach do wyboru: szczypta cynamonu lub cukier waniliowy.<\/em><\/p>\n<p>1. Przesieka\u0107 wszystkie sk\u0142adniki ciasta no\u017cem, a nast\u0119pnie zagnie\u015b\u0107   d\u0142o\u0144mi, uformowa\u0107 w kule i w\u0142o\u017cy na godzin\u0119 do lod\u00f3wki.<br \/>\n2. Na nadzienie utrze\u0107  mas\u0142o z cukrem, doda\u0107 wi\u00f3rki kokosowe, \u015bmietan\u0119 i zapach. Nadzienie powinno mie\u0107 konsystencj\u0119 \u015bmietany.<br \/>\n3.Sch\u0142odzonym ciastem wylepi\u0107 dok\u0142adnie form\u0119 do tart z karbowanymi brzegami, wstawi\u0107  do piekarnika o temperaturze  200 st. C na 15 minut.<br \/>\n4. Na podpieczone ciasto wyla\u0107  mas\u0119 kokosow\u0105 i piec w temperaturze 180 st. C a\u017c brzegi tarty  silnie si\u0119 zrumieni\u0105.<\/p>\n","protected":false},"excerpt":{"rendered":"<p>Na ciasto: 2 szklanki m\u0105ki,15 dag (3\/4 kostki) mas\u0142a, 2 \u017c\u00f3\u0142tka, p\u00f3\u0142 szklanki cukru pudru, 2 \u0142y\u017cki \u015bmietany 18-proc., niewielka szczypta soli. Na nadzienie: szklanka wi\u00f3rk\u00f3w kokosowych, szklanka cukru, 3 jaja, 5 \u0142y\u017cek mas\u0142a, 4 \u0142y\u017cki kwa\u015bnej \u015bmietany, dowolny zapach do wyboru: szczypta cynamonu lub cukier waniliowy. 1. Przesieka\u0107 wszystkie sk\u0142adniki ciasta no\u017cem, a nast\u0119pnie [&hellip;]<\/p>\n","protected":false},"author":2,"featured_media":0,"comment_status":"open","ping_status":"open","sticky":false,"template":"","format":"standard","meta":{"footnotes":""},"categories":[1],"tags":[],"_links":{"self":[{"href":"https:\/\/blog.polityka.pl\/adamczewski\/wp-json\/wp\/v2\/posts\/10067"}],"collection":[{"href":"https:\/\/blog.polityka.pl\/adamczewski\/wp-json\/wp\/v2\/posts"}],"about":[{"href":"https:\/\/blog.polityka.pl\/adamczewski\/wp-json\/wp\/v2\/types\/post"}],"author":[{"embeddable":true,"href":"https:\/\/blog.polityka.pl\/adamczewski\/wp-json\/wp\/v2\/users\/2"}],"replies":[{"embeddable":true,"href":"https:\/\/blog.polityka.pl\/adamczewski\/wp-json\/wp\/v2\/comments?post=10067"}],"version-history":[{"count":0,"href":"https:\/\/blog.polityka.pl\/adamczewski\/wp-json\/wp\/v2\/posts\/10067\/revisions"}],"wp:attachment":[{"href":"https:\/\/blog.polityka.pl\/adamczewski\/wp-json\/wp\/v2\/media?parent=10067"}],"wp:term":[{"taxonomy":"category","embeddable":true,"href":"https:\/\/blog.polityka.pl\/adamczewski\/wp-json\/wp\/v2\/categories?post=10067"},{"taxonomy":"post_tag","embeddable":true,"href":"https:\/\/blog.polityka.pl\/adamczewski\/wp-json\/wp\/v2\/tags?post=10067"}],"curies":[{"name":"wp","href":"https:\/\/api.w.org\/{rel}","templated":true}]}}