
{"id":10068,"date":"2008-12-08T10:05:56","date_gmt":"2008-12-08T09:05:56","guid":{"rendered":"http:\/\/adamczewscy.pl\/?p=2235"},"modified":"2008-12-08T10:05:56","modified_gmt":"2008-12-08T09:05:56","slug":"zupa-cukiniowa","status":"publish","type":"post","link":"https:\/\/blog.polityka.pl\/adamczewski\/2008\/12\/08\/zupa-cukiniowa\/","title":{"rendered":"Zupa cukiniowa"},"content":{"rendered":"<p><em>Ok. 80 dag cukinii, \u0142y\u017cka mas\u0142a, 4 szklanki wywaru warzywnego lub roso\u0142u warzywnego z kostki, 4 \u0142y\u017cki dobrej \u015bmietany, s\u00f3l, \u0142y\u017cka posiekanego koperku.<br \/>\nJako dodatek: grzanki z 2 czerstwych kajzerek i \u0142y\u017ceczki mas\u0142a.<\/em><\/p>\n<p>1. Cukinie obra\u0107, pokroi\u0107  w  plasterki,  w\u0142o\u017cy\u0107 do garnka,  doda\u0107  mas\u0142o i dusi\u0107 podlewaj\u0105c kilkoma \u0142y\u017ckami wody a\u017c cukinia stanie si\u0119 zupe\u0142nie mi\u0119kka.<br \/>\n2. Do cukinii dola\u0107  szklank\u0119  wywaru lub roso\u0142u i dok\u0142adnie zmiksowa\u0107. Dola\u0107 pozosta\u0142y wywar i zagotowa\u0107, doprawiaj\u0105c w miar\u0119 potrzeby sol\u0105.<br \/>\n3. Wymiesza\u0107 \u015bmietan\u0119 z paroma \u0142y\u017ckami zupy, doda\u0107 do ca\u0142o\u015bci i zagrza\u0107 ju\u017c nie gotuj\u0105c. Posypa\u0107 siekanym koperkiem.<br \/>\n4. Kajzerki pokroi\u0107 w kostk\u0119, podsuszy\u0107 na suchej patelni, po czym doda\u0107 mas\u0142o, wymiesza\u0107. Poda\u0107 w osobnym naczynku.<\/p>\n","protected":false},"excerpt":{"rendered":"<p>Ok. 80 dag cukinii, \u0142y\u017cka mas\u0142a, 4 szklanki wywaru warzywnego lub roso\u0142u warzywnego z kostki, 4 \u0142y\u017cki dobrej \u015bmietany, s\u00f3l, \u0142y\u017cka posiekanego koperku. Jako dodatek: grzanki z 2 czerstwych kajzerek i \u0142y\u017ceczki mas\u0142a. 1. Cukinie obra\u0107, pokroi\u0107 w plasterki, w\u0142o\u017cy\u0107 do garnka, doda\u0107 mas\u0142o i dusi\u0107 podlewaj\u0105c kilkoma \u0142y\u017ckami wody a\u017c cukinia stanie si\u0119 zupe\u0142nie [&hellip;]<\/p>\n","protected":false},"author":2,"featured_media":0,"comment_status":"open","ping_status":"open","sticky":false,"template":"","format":"standard","meta":{"footnotes":""},"categories":[1],"tags":[],"_links":{"self":[{"href":"https:\/\/blog.polityka.pl\/adamczewski\/wp-json\/wp\/v2\/posts\/10068"}],"collection":[{"href":"https:\/\/blog.polityka.pl\/adamczewski\/wp-json\/wp\/v2\/posts"}],"about":[{"href":"https:\/\/blog.polityka.pl\/adamczewski\/wp-json\/wp\/v2\/types\/post"}],"author":[{"embeddable":true,"href":"https:\/\/blog.polityka.pl\/adamczewski\/wp-json\/wp\/v2\/users\/2"}],"replies":[{"embeddable":true,"href":"https:\/\/blog.polityka.pl\/adamczewski\/wp-json\/wp\/v2\/comments?post=10068"}],"version-history":[{"count":0,"href":"https:\/\/blog.polityka.pl\/adamczewski\/wp-json\/wp\/v2\/posts\/10068\/revisions"}],"wp:attachment":[{"href":"https:\/\/blog.polityka.pl\/adamczewski\/wp-json\/wp\/v2\/media?parent=10068"}],"wp:term":[{"taxonomy":"category","embeddable":true,"href":"https:\/\/blog.polityka.pl\/adamczewski\/wp-json\/wp\/v2\/categories?post=10068"},{"taxonomy":"post_tag","embeddable":true,"href":"https:\/\/blog.polityka.pl\/adamczewski\/wp-json\/wp\/v2\/tags?post=10068"}],"curies":[{"name":"wp","href":"https:\/\/api.w.org\/{rel}","templated":true}]}}